{"id":18837,"date":"2024-06-03T17:38:10","date_gmt":"2024-06-03T17:38:10","guid":{"rendered":"http:\/\/staging.ibermusicas.org\/?p=18837"},"modified":"2024-06-27T13:16:23","modified_gmt":"2024-06-27T13:16:23","slug":"martin-buscaglia-regresa-a-espana-esta-vez-acompanado-por-su-banda-los-bochamakers","status":"publish","type":"post","link":"http:\/\/staging.ibermusicas.org\/index.php\/martin-buscaglia-regresa-a-espana-esta-vez-acompanado-por-su-banda-los-bochamakers\/","title":{"rendered":"Mart\u00edn Buscaglia regresa a Espa\u00f1a, esta vez acompa\u00f1ado por su banda Los Bochamakers"},"content":{"rendered":"<p>El destacado artista, int\u00e9rprete y productor uruguayo vuelve a Espa\u00f1a para presentar por primera vez su espect\u00e1culo a banda completa. Despu\u00e9s de varias visitas en formato \u201cHombre Orquesta\u201d incluyendo los soldouts en Barcelona, Madrid y Valencia del a\u00f1o 2023, Mart\u00edn Buscaglia regresa a Espa\u00f1a con un show en su formato ideal.<\/p>\n<p>&nbsp;<\/p>\n<p>Tras realizar tres fechas con el quinteto visitando Barcelona, Valencia y Madrid continuar\u00e1 su periplo espa\u00f1ol para presentarse a guitarra y voz en Mallorca, Sevilla, El Escorial, Vigo y en O Grove en una gira que cuenta con el apoyo de los fondos de movilidad de Iberm\u00fasica.<\/p>\n<p>&nbsp;<\/p>\n<p>Los Bochamakers, la banda que acompa\u00f1a a Mart\u00edn Buscaglia est\u00e1 conformada por:<\/p>\n<p>&nbsp;<\/p>\n<ul>\n<li>Mat\u00edas Rada en guitarra. Hijo del m\u00edtico artista uruguayo Rub\u00e9n Rada se curti\u00f3 tocando en la banda en vivo de su padre, con pasos por Peyote Asesino, ahora forma tambi\u00e9n parte de Illya Kuryaki and the Valderramas.<\/li>\n<\/ul>\n<p>&nbsp;<\/p>\n<ul>\n<li>Mart\u00edn Ibarburu en bater\u00eda con un largu\u00edsimo recorrido en la escena del cono-sur, ha tocado y grabado con artistas como Fito P\u00e1ez, Rub\u00e9n Rada, Luis Salinas, Jaime Roos y por supuesto con su hermano Nico Ibarburu.<\/li>\n<\/ul>\n<p>&nbsp;<\/p>\n<ul>\n<li>Nacho Mateu en bajo. M\u00fasico profesional de la Escuela de M\u00fasica Contempor\u00e1nea. Como sesionista en Uruguay y Argentina ha tocado y grabado con Ruben Rada, Hugo y Osvaldo Fattoruso, Fito P\u00e1ez entre otros.<\/li>\n<\/ul>\n<p>&nbsp;<\/p>\n<ul>\n<li>Coby Acosta en percusiones. Es docente en el Conservatorio Sur y fue integrante de proyectos c\u00f3mo: Croupier Funk, Los Cuerpos, Hugo Fattorusso, Francisco Fattorusso, entre otros.<\/li>\n<\/ul>\n<p>&nbsp;<\/p>\n<p>Candombe, funk, groove, rock, pero sobre todo potencia, sentido del juego y la improvisaci\u00f3n. Esta ser\u00e1 la propuesta de una banda que llega a espa\u00f1a en muy buen momento, con un sonido maduro, concreto y \u00fanico.<\/p>\n<p>&nbsp;<\/p>\n<p>Buscaglia fue recientemente invitado por su coterr\u00e1neo Jorge Drexler a participar con un featuring en \u201cBendito Desconcierto\u201d una de las canciones que componen su \u00faltimo disco, que adem\u00e1s incluye otras grandes colaboraciones con C. Tangana, Rub\u00e9n Blades y Noga Erez.<\/p>\n<p>&nbsp;<\/p>\n<p>Esta gira de Mart\u00edn Buscaglia cuenta con el apoyo de iberm\u00fasicas mediante sus Ayudas al Sector Musical para la Circulaci\u00f3n, convocatoria 2023.<\/p>\n<p>&nbsp;<\/p>\n<ul>\n<li>6 de junio, 21h30: La Nau, Barcelona, Espa\u00f1a<\/li>\n<li>7 de junio, 19h30: Sala Matisse, Valencia, Espa\u00f1a<\/li>\n<li>8 de junio, 22h: Sala Villanos, Madrid, Espa\u00f1a<\/li>\n<\/ul>\n","protected":false},"excerpt":{"rendered":"<p>El destacado artista, int\u00e9rprete y productor uruguayo vuelve a Espa\u00f1a para presentar por primera vez su espect\u00e1culo a banda completa. Despu\u00e9s de varias visitas en formato \u201cHombre Orquesta\u201d incluyendo los soldouts en Barcelona, Madrid y Valencia del a\u00f1o 2023, Mart\u00edn Buscaglia regresa a Espa\u00f1a con un show en su formato ideal. &nbsp; Tras realizar tres [&hellip;]<\/p>\n","protected":false},"author":7,"featured_media":18838,"comment_status":"closed","ping_status":"closed","sticky":false,"template":"","format":"standard","meta":{"footnotes":""},"categories":[53],"tags":[],"class_list":["post-18837","post","type-post","status-publish","format-standard","has-post-thumbnail","hentry","category-noticias-generales"],"lang":"es","translations":{"es":18837,"pt":18840},"pll_sync_post":[],"post_mailing_queue_ids":[],"_links":{"self":[{"href":"http:\/\/staging.ibermusicas.org\/index.php\/wp-json\/wp\/v2\/posts\/18837","targetHints":{"allow":["GET"]}}],"collection":[{"href":"http:\/\/staging.ibermusicas.org\/index.php\/wp-json\/wp\/v2\/posts"}],"about":[{"href":"http:\/\/staging.ibermusicas.org\/index.php\/wp-json\/wp\/v2\/types\/post"}],"author":[{"embeddable":true,"href":"http:\/\/staging.ibermusicas.org\/index.php\/wp-json\/wp\/v2\/users\/7"}],"replies":[{"embeddable":true,"href":"http:\/\/staging.ibermusicas.org\/index.php\/wp-json\/wp\/v2\/comments?post=18837"}],"version-history":[{"count":1,"href":"http:\/\/staging.ibermusicas.org\/index.php\/wp-json\/wp\/v2\/posts\/18837\/revisions"}],"predecessor-version":[{"id":18839,"href":"http:\/\/staging.ibermusicas.org\/index.php\/wp-json\/wp\/v2\/posts\/18837\/revisions\/18839"}],"wp:featuredmedia":[{"embeddable":true,"href":"http:\/\/staging.ibermusicas.org\/index.php\/wp-json\/wp\/v2\/media\/18838"}],"wp:attachment":[{"href":"http:\/\/staging.ibermusicas.org\/index.php\/wp-json\/wp\/v2\/media?parent=18837"}],"wp:term":[{"taxonomy":"category","embeddable":true,"href":"http:\/\/staging.ibermusicas.org\/index.php\/wp-json\/wp\/v2\/categories?post=18837"},{"taxonomy":"post_tag","embeddable":true,"href":"http:\/\/staging.ibermusicas.org\/index.php\/wp-json\/wp\/v2\/tags?post=18837"}],"curies":[{"name":"wp","href":"https:\/\/api.w.org\/{rel}","templated":true}]}}