{"id":18840,"date":"2024-06-03T17:39:55","date_gmt":"2024-06-03T17:39:55","guid":{"rendered":"http:\/\/staging.ibermusicas.org\/?p=18840"},"modified":"2024-06-27T13:29:23","modified_gmt":"2024-06-27T13:29:23","slug":"martin-buscaglia-retorna-a-espanha-desta-vez-acompanhado-por-sua-banda-los-bochamakers","status":"publish","type":"post","link":"http:\/\/staging.ibermusicas.org\/index.php\/martin-buscaglia-retorna-a-espanha-desta-vez-acompanhado-por-sua-banda-los-bochamakers\/","title":{"rendered":"Mart\u00edn Buscaglia retorna \u00e0 Espanha, desta vez acompanhado por sua banda Los Bochamakers"},"content":{"rendered":"<p>O not\u00e1vel artista, int\u00e9rprete e produtor uruguaio retorna \u00e0 Espanha para apresentar seu show com banda completa pela primeira vez. Depois de v\u00e1rias visitas no formato \u201cHombre Orquesta\u201d, incluindo shows esgotados em Barcelona, Madri e Val\u00eancia em 2023, Mart\u00edn Buscaglia retorna \u00e0 Espanha com um show em seu formato ideal.<\/p>\n<p>&nbsp;<\/p>\n<p>Depois de tr\u00eas datas com o quinteto em Barcelona, Val\u00eancia e Madri, ele continuar\u00e1 sua turn\u00ea espanhola para tocar guitarra e voz em Maiorca, Sevilha, El Escorial, Vigo e O Grove, em uma turn\u00ea apoiada pelos fundos de mobilidade do Programa Iberm\u00fasica.<\/p>\n<p>&nbsp;<\/p>\n<p>Los Bochamakers, a banda que acompanha Mart\u00edn Buscaglia, \u00e9 formada por:<\/p>\n<p>&nbsp;<\/p>\n<ul>\n<li>Mat\u00edas Rada na guitarra. Filho do lend\u00e1rio artista uruguaio Rub\u00e9n Rada, ele tocou na banda ao vivo de seu pai e tocou com Peyote Asesino, e agora tamb\u00e9m faz parte de Illya Kuryaki and the Valderramas.<\/li>\n<\/ul>\n<p>&nbsp;<\/p>\n<ul>\n<li>Mart\u00edn Ibarburu na bateria, com uma longa carreira na cena cono-sur, tocou e gravou com artistas como Fito P\u00e1ez, Rub\u00e9n Rada, Luis Salinas, Jaime Roos e, claro, com seu irm\u00e3o Nico Ibarburu.<\/li>\n<\/ul>\n<p>&nbsp;<\/p>\n<ul>\n<li>Nacho Mateu no baixo. M\u00fasico profissional da Escuela de M\u00fasica Contempor\u00e1nea. Como sessionista no Uruguai e na Argentina, tocou e gravou com Ruben Rada, Hugo e Osvaldo Fattoruso, Fito Paez, entre outros.<\/li>\n<\/ul>\n<p>&nbsp;<\/p>\n<ul>\n<li>Coby Acosta na percuss\u00e3o. Ele leciona no Conservatorio Sur e foi membro de projetos como: Croupier Funk, Los Cuerpos, Hugo Fattorusso, Francisco Fattorusso, entre outros.<\/li>\n<\/ul>\n<p>&nbsp;<\/p>\n<p>Candombe, funk, groove, rock, mas acima de tudo pot\u00eancia, senso de jogo e improvisa\u00e7\u00e3o. Essa vai ser a proposta de uma banda que chega \u00e0 Espanha em um momento muito bom, com um som maduro, concreto e \u00fanico.<\/p>\n<p>&nbsp;<\/p>\n<p>Buscaglia foi recentemente convidado por seu compatriota Jorge Drexler para participar com um featuring em \u201cBendito Desconcierto\u201d, uma das can\u00e7\u00f5es que comp\u00f5em seu \u00faltimo \u00e1lbum, que tamb\u00e9m inclui outras grandes colabora\u00e7\u00f5es com C. Tangana, Rub\u00e9n Blades e Noga Erez.<\/p>\n<p>&nbsp;<\/p>\n<p>Esta digress\u00e3o de Mart\u00edn Buscaglia \u00e9 apoiada pelo Programa Iberm\u00fasicas atrav\u00e9s das suas Ajudas ao Sector Musical para a Circula\u00e7\u00e3o, chamada 2023.<\/p>\n<p>&nbsp;<\/p>\n<ul>\n<li>6 de junho, 21h30: La Nau, Barcelona, Espanha<\/li>\n<li>7 de junho, 19h30: Sala Matisse, Val\u00eancia, Espanha<\/li>\n<li>8 de junho, 22h: Sala Villanos, Madri, Espanha<\/li>\n<\/ul>\n","protected":false},"excerpt":{"rendered":"<p>O not\u00e1vel artista, int\u00e9rprete e produtor uruguaio retorna \u00e0 Espanha para apresentar seu show com banda completa pela primeira vez. Depois de v\u00e1rias visitas no formato \u201cHombre Orquesta\u201d, incluindo shows esgotados em Barcelona, Madri e Val\u00eancia em 2023, Mart\u00edn Buscaglia retorna \u00e0 Espanha com um show em seu formato ideal. &nbsp; Depois de tr\u00eas datas [&hellip;]<\/p>\n","protected":false},"author":7,"featured_media":18838,"comment_status":"closed","ping_status":"closed","sticky":false,"template":"","format":"standard","meta":{"footnotes":""},"categories":[218],"tags":[],"class_list":["post-18840","post","type-post","status-publish","format-standard","has-post-thumbnail","hentry","category-noticias-generales-pt"],"lang":"pt","translations":{"pt":18840,"es":18837},"pll_sync_post":[],"post_mailing_queue_ids":[],"_links":{"self":[{"href":"http:\/\/staging.ibermusicas.org\/index.php\/wp-json\/wp\/v2\/posts\/18840","targetHints":{"allow":["GET"]}}],"collection":[{"href":"http:\/\/staging.ibermusicas.org\/index.php\/wp-json\/wp\/v2\/posts"}],"about":[{"href":"http:\/\/staging.ibermusicas.org\/index.php\/wp-json\/wp\/v2\/types\/post"}],"author":[{"embeddable":true,"href":"http:\/\/staging.ibermusicas.org\/index.php\/wp-json\/wp\/v2\/users\/7"}],"replies":[{"embeddable":true,"href":"http:\/\/staging.ibermusicas.org\/index.php\/wp-json\/wp\/v2\/comments?post=18840"}],"version-history":[{"count":1,"href":"http:\/\/staging.ibermusicas.org\/index.php\/wp-json\/wp\/v2\/posts\/18840\/revisions"}],"predecessor-version":[{"id":18841,"href":"http:\/\/staging.ibermusicas.org\/index.php\/wp-json\/wp\/v2\/posts\/18840\/revisions\/18841"}],"wp:featuredmedia":[{"embeddable":true,"href":"http:\/\/staging.ibermusicas.org\/index.php\/wp-json\/wp\/v2\/media\/18838"}],"wp:attachment":[{"href":"http:\/\/staging.ibermusicas.org\/index.php\/wp-json\/wp\/v2\/media?parent=18840"}],"wp:term":[{"taxonomy":"category","embeddable":true,"href":"http:\/\/staging.ibermusicas.org\/index.php\/wp-json\/wp\/v2\/categories?post=18840"},{"taxonomy":"post_tag","embeddable":true,"href":"http:\/\/staging.ibermusicas.org\/index.php\/wp-json\/wp\/v2\/tags?post=18840"}],"curies":[{"name":"wp","href":"https:\/\/api.w.org\/{rel}","templated":true}]}}