{"id":18845,"date":"2024-06-03T17:44:05","date_gmt":"2024-06-03T17:44:05","guid":{"rendered":"http:\/\/staging.ibermusicas.org\/?p=18845"},"modified":"2024-06-03T17:44:05","modified_gmt":"2024-06-03T17:44:05","slug":"continua-el-tour-de-mercados-internacionales-incuba-raiz-con-presencia-en-el-circulart-de-medellin-2","status":"publish","type":"post","link":"http:\/\/staging.ibermusicas.org\/index.php\/continua-el-tour-de-mercados-internacionales-incuba-raiz-con-presencia-en-el-circulart-de-medellin-2\/","title":{"rendered":"Contin\u00faa el Tour de Mercados internacionales Incuba Ra\u00edz con presencia en el Circulart de Medell\u00edn"},"content":{"rendered":"<p><strong>A digress\u00e3o internacional de mercados da Incuba Ra\u00edz continua com a presen\u00e7a no Circulart de Medell\u00edn<\/strong><\/p>\n<p><strong>\u00a0<\/strong><\/p>\n<p>A Incuba Raiz tem o objetivo de internacionalizar talentos por meio de um programa de desenvolvimento, circula\u00e7\u00e3o e exporta\u00e7\u00e3o de projetos. \u00c9 a incubadora e aceleradora de projetos ligados ao setor musical, liderados por mulheres e pela comunidade LGTBIQ+, cujo objetivo \u00e9 exportar o talento feminino. Nasceu da colabora\u00e7\u00e3o entre organiza\u00e7\u00f5es da Espanha e da Argentina em procura de uma forte integra\u00e7\u00e3o ibero-americana, e incorpora na sua 3\u00aa edi\u00e7\u00e3o a Col\u00f4mbia e o Peru como pa\u00edses associados.<\/p>\n<p>&nbsp;<\/p>\n<p>Beatriz Ortega e Natalia Pizzuto, respons\u00e1veis pelas edi\u00e7\u00f5es anteriores da Incuba Ra\u00edz, ser\u00e3o encarregadas de posicionar talentos femininos emergentes de excelente n\u00edvel. Durante 2024, elas realizar\u00e3o uma turn\u00ea por mercados internacionais. Essa ser\u00e1 a oportunidade de promover os 30 projetos art\u00edsticos incubados nas 2 edi\u00e7\u00f5es do Incuba Ra\u00edz (2022 e 2023), dos seguintes g\u00eaneros: indie, m\u00fasica eletr\u00f4nica, world music, pop e rock, cumprindo as a\u00e7\u00f5es de acelera\u00e7\u00e3o dos projetos desenvolvidos nessa mesma incubadora,<\/p>\n<p>consolidando a presen\u00e7a internacional da Incuba Raiz e abrindo caminho ao talento das pr\u00f3ximas edi\u00e7\u00f5es da incubadora: com uma nova edi\u00e7\u00e3o que come\u00e7a em setembro de 2024 (concurso aberto a partir de 15 de maio).<\/p>\n<p>&nbsp;<\/p>\n<p>Esse projeto foi premiado pelo Iberm\u00fasicas em sua linha de a\u00e7\u00e3o de Ajudas ao Setor Musical para Circula\u00e7\u00e3o.<\/p>\n<p>6 ao 9 de\u00a0 junho, Medell\u00edn, Col\u00f4mbia<\/p>\n","protected":false},"excerpt":{"rendered":"<p>A digress\u00e3o internacional de mercados da Incuba Ra\u00edz continua com a presen\u00e7a no Circulart de Medell\u00edn \u00a0 A Incuba Raiz tem o objetivo de internacionalizar talentos por meio de um programa de desenvolvimento, circula\u00e7\u00e3o e exporta\u00e7\u00e3o de projetos. \u00c9 a incubadora e aceleradora de projetos ligados ao setor musical, liderados por mulheres e pela comunidade [&hellip;]<\/p>\n","protected":false},"author":7,"featured_media":18843,"comment_status":"closed","ping_status":"closed","sticky":false,"template":"","format":"standard","meta":{"footnotes":""},"categories":[218],"tags":[],"class_list":["post-18845","post","type-post","status-publish","format-standard","has-post-thumbnail","hentry","category-noticias-generales-pt"],"lang":"pt","translations":{"pt":18845,"es":18842},"pll_sync_post":[],"post_mailing_queue_ids":[],"_links":{"self":[{"href":"http:\/\/staging.ibermusicas.org\/index.php\/wp-json\/wp\/v2\/posts\/18845","targetHints":{"allow":["GET"]}}],"collection":[{"href":"http:\/\/staging.ibermusicas.org\/index.php\/wp-json\/wp\/v2\/posts"}],"about":[{"href":"http:\/\/staging.ibermusicas.org\/index.php\/wp-json\/wp\/v2\/types\/post"}],"author":[{"embeddable":true,"href":"http:\/\/staging.ibermusicas.org\/index.php\/wp-json\/wp\/v2\/users\/7"}],"replies":[{"embeddable":true,"href":"http:\/\/staging.ibermusicas.org\/index.php\/wp-json\/wp\/v2\/comments?post=18845"}],"version-history":[{"count":1,"href":"http:\/\/staging.ibermusicas.org\/index.php\/wp-json\/wp\/v2\/posts\/18845\/revisions"}],"predecessor-version":[{"id":18846,"href":"http:\/\/staging.ibermusicas.org\/index.php\/wp-json\/wp\/v2\/posts\/18845\/revisions\/18846"}],"wp:featuredmedia":[{"embeddable":true,"href":"http:\/\/staging.ibermusicas.org\/index.php\/wp-json\/wp\/v2\/media\/18843"}],"wp:attachment":[{"href":"http:\/\/staging.ibermusicas.org\/index.php\/wp-json\/wp\/v2\/media?parent=18845"}],"wp:term":[{"taxonomy":"category","embeddable":true,"href":"http:\/\/staging.ibermusicas.org\/index.php\/wp-json\/wp\/v2\/categories?post=18845"},{"taxonomy":"post_tag","embeddable":true,"href":"http:\/\/staging.ibermusicas.org\/index.php\/wp-json\/wp\/v2\/tags?post=18845"}],"curies":[{"name":"wp","href":"https:\/\/api.w.org\/{rel}","templated":true}]}}