{"id":18850,"date":"2024-06-03T17:50:09","date_gmt":"2024-06-03T17:50:09","guid":{"rendered":"http:\/\/staging.ibermusicas.org\/?p=18850"},"modified":"2024-06-14T13:12:22","modified_gmt":"2024-06-14T13:12:22","slug":"familia-bombo-trio-presenta-en-europa-su-gran-gira-bombo-diablo-y-la-flor-del-romero-2","status":"publish","type":"post","link":"http:\/\/staging.ibermusicas.org\/index.php\/familia-bombo-trio-presenta-en-europa-su-gran-gira-bombo-diablo-y-la-flor-del-romero-2\/","title":{"rendered":"A Fam\u00edlia Bombo Trio apresenta na Europa a sua grande digress\u00e3o \u201cBombo Diablo y la Flor del Romero\u201d"},"content":{"rendered":"<p>La Familia Bombo Tr\u00edo apresenta-se em formato de quarteto com um repert\u00f3rio cantinero que se adapta a diferentes cen\u00e1rios, ruas e discotecas, bares e cantinas, com um chinchinero a acompanhar um trio de m\u00fasicos, com duas guitarras, um acordeonista e as suas vozes.<\/p>\n<p>&nbsp;<\/p>\n<p>Bombo Diablo e La Flor del Romero s\u00e3o um verdadeiro reflexo da festa chilena. Os artistas e criadores que comp\u00f5em a bo\u00e9mia de Santiago fazem parte do legado da chilenidade nos seus versos e na sua m\u00fasica.<\/p>\n<p>&nbsp;<\/p>\n<p>Este elenco juntou-se para desenvolver uma proposta atrativa e inovadora que reflecte na perfei\u00e7\u00e3o a festa e a bo\u00e9mia chilena, numa encena\u00e7\u00e3o que, atrav\u00e9s do verso e da melodia, transporta o espectador para a nostalgia, a mem\u00f3ria e a emo\u00e7\u00e3o. Uma experi\u00eancia real e emotiva.<\/p>\n<p>&nbsp;<\/p>\n<p>A for\u00e7a deste formato reside na variedade sonora oferecida pela combina\u00e7\u00e3o de instrumentos tradicionais e o acompanhamento da maravilhosa inven\u00e7\u00e3o percussiva chilena: o Bombo Chinchinero.<\/p>\n<p>&nbsp;<\/p>\n<p>A oferta musical inclui os ritmos dos valses criollos, boleros, zamba argentina, corridos, tonadas e cuecas, m\u00fasica original e uma sele\u00e7\u00e3o do repert\u00f3rio popular do folclore latino-americano.<\/p>\n<p>&nbsp;<\/p>\n<p>A digress\u00e3o da agrpa\u00e7\u00e3o Fam\u00edlia Bombo Trio \u00e9 apoiada pelo Programa Iberm\u00fasicas atrav\u00e9s das suas ajudas ao sector musical para a circula\u00e7\u00e3o.<\/p>\n<p>&nbsp;<\/p>\n<ul>\n<li>Sexta-feira, 7 de junho, 20h: La Quinta al R\u00edo. Barcelona, Espanha<\/li>\n<li>Ter\u00e7a-feira, 11 de junho, 21h: Bar Perro Pako. Barcelona, Espanha<\/li>\n<li>Quinta-feira 13 de junho, 21h:: Bar La Ra\u00edz , Barcelona, Espanha<\/li>\n<li>S\u00e1bado, 15 de junho: Festival Tamborile. Mezquita de Jarque, Espanha<\/li>\n<li>Ter\u00e7a-feira, 18 de junho, 21h: Bar Perro Pako, Barcelona. Espanha<\/li>\n<li>S\u00e1bado, 22 de junho, 20h: La Vista, Marselha, Fran\u00e7a<\/li>\n<li>Ter\u00e7a-feira 25 de junho, 20h: Malmousque. com Chorale Calle Sol. Marselha, Fran\u00e7a<\/li>\n<li>Quinta-feira 27 de junho: Bar La Chola, 20h. Marselha, Fran\u00e7a<\/li>\n<li>S\u00e1bado 29 de junho, 11h: Festival Beleza! cantes &amp; music du monde. Digne-les-Bains, Fran\u00e7a<\/li>\n<li>Sexta-feira, 5 de julho: Bar Le Molotov. Marselha, Fran\u00e7a<\/li>\n<li>Quarta-feira 10 de julho: Festival Chalon dans la rue, Fran\u00e7a<\/li>\n<li>S\u00e1bado, 13 de julho: Festival Chalon dans la rue, Fran\u00e7a<\/li>\n<li>Quarta-feira 24 de julho: Inaugura\u00e7\u00e3o da Feria de la Cultura Chilena, Paris, Fran\u00e7a<\/li>\n<li>Quinta-feira 25 a s\u00e1bado 27 de julho: Festival Villan\u00faa, Espanha<\/li>\n<li>S\u00e1bado 3 de agosto: Genebra, junto a Barlovento Sur. Genebra, Su\u00ed\u00e7a<\/li>\n<li>Sexta-feira 9 a domingo 18 de agosto: San Pietro in Bevagna, It\u00e1lia<\/li>\n<li>De quarta-feira 21 a domingo 25 de agosto: Ferrara Buskers Festival, Ferrara, It\u00e1lia<\/li>\n<\/ul>\n","protected":false},"excerpt":{"rendered":"<p>La Familia Bombo Tr\u00edo apresenta-se em formato de quarteto com um repert\u00f3rio cantinero que se adapta a diferentes cen\u00e1rios, ruas e discotecas, bares e cantinas, com um chinchinero a acompanhar um trio de m\u00fasicos, com duas guitarras, um acordeonista e as suas vozes. &nbsp; Bombo Diablo e La Flor del Romero s\u00e3o um verdadeiro reflexo [&hellip;]<\/p>\n","protected":false},"author":7,"featured_media":18848,"comment_status":"closed","ping_status":"closed","sticky":false,"template":"","format":"standard","meta":{"footnotes":""},"categories":[218],"tags":[],"class_list":["post-18850","post","type-post","status-publish","format-standard","has-post-thumbnail","hentry","category-noticias-generales-pt"],"lang":"pt","translations":{"pt":18850,"es":18847},"pll_sync_post":[],"post_mailing_queue_ids":[],"_links":{"self":[{"href":"http:\/\/staging.ibermusicas.org\/index.php\/wp-json\/wp\/v2\/posts\/18850","targetHints":{"allow":["GET"]}}],"collection":[{"href":"http:\/\/staging.ibermusicas.org\/index.php\/wp-json\/wp\/v2\/posts"}],"about":[{"href":"http:\/\/staging.ibermusicas.org\/index.php\/wp-json\/wp\/v2\/types\/post"}],"author":[{"embeddable":true,"href":"http:\/\/staging.ibermusicas.org\/index.php\/wp-json\/wp\/v2\/users\/7"}],"replies":[{"embeddable":true,"href":"http:\/\/staging.ibermusicas.org\/index.php\/wp-json\/wp\/v2\/comments?post=18850"}],"version-history":[{"count":2,"href":"http:\/\/staging.ibermusicas.org\/index.php\/wp-json\/wp\/v2\/posts\/18850\/revisions"}],"predecessor-version":[{"id":18852,"href":"http:\/\/staging.ibermusicas.org\/index.php\/wp-json\/wp\/v2\/posts\/18850\/revisions\/18852"}],"wp:featuredmedia":[{"embeddable":true,"href":"http:\/\/staging.ibermusicas.org\/index.php\/wp-json\/wp\/v2\/media\/18848"}],"wp:attachment":[{"href":"http:\/\/staging.ibermusicas.org\/index.php\/wp-json\/wp\/v2\/media?parent=18850"}],"wp:term":[{"taxonomy":"category","embeddable":true,"href":"http:\/\/staging.ibermusicas.org\/index.php\/wp-json\/wp\/v2\/categories?post=18850"},{"taxonomy":"post_tag","embeddable":true,"href":"http:\/\/staging.ibermusicas.org\/index.php\/wp-json\/wp\/v2\/tags?post=18850"}],"curies":[{"name":"wp","href":"https:\/\/api.w.org\/{rel}","templated":true}]}}