{"id":18853,"date":"2024-06-03T17:53:53","date_gmt":"2024-06-03T17:53:53","guid":{"rendered":"http:\/\/staging.ibermusicas.org\/?p=18853"},"modified":"2024-06-27T13:16:15","modified_gmt":"2024-06-27T13:16:15","slug":"radio-butia-lanza-el-primero-de-los-programas-de-la-serie-brasil-cancoes-e-regioes","status":"publish","type":"post","link":"http:\/\/staging.ibermusicas.org\/index.php\/radio-butia-lanza-el-primero-de-los-programas-de-la-serie-brasil-cancoes-e-regioes\/","title":{"rendered":"R\u00e1dio Buti\u00e1 lanza el primero de los programas de la serie Brasil &#8211; Can\u00e7\u00f5es e Regi\u00f5es"},"content":{"rendered":"<p>Brasil &#8211; Canciones y Regiones es una serie de programas de radio dirigidos al p\u00fablico infantil con contenido cultural biling\u00fce portugu\u00e9s\/espa\u00f1ol de R\u00e1dio Buti\u00e1 Brasil, emisora web que forma parte del MOCILYC (Movimiento de la Canci\u00f3n Infantil Latinoamericana y Caribe\u00f1a). La serie presenta artistas de 7 capitales brasile\u00f1as a trav\u00e9s de canciones, cuentos, recetas e informaci\u00f3n sobre su geograf\u00eda y aspectos socioculturales. La propuesta es realizar 3 nuevos programas, sobre las capitales Florian\u00f3polis, Campo Grande y Fortaleza, completando as\u00ed la serie de 10 episodios, que se emitir\u00e1n en radios asociadas de Brasil y otros pa\u00edses sudamericanos.<\/p>\n<p>&nbsp;<\/p>\n<p>Radio Buti\u00e1 Brasil trabaja en favor de la nutrici\u00f3n de los ni\u00f1os para promover la integraci\u00f3n latinoamericana facilitando el acceso a contenidos culturales de calidad.<\/p>\n<p>&nbsp;<\/p>\n<p>A partir de la programaci\u00f3n especial en S\u00e3o Paulo, los programas de la serie Brasil: Can\u00e7\u00f5es e Regi\u00f5es, han asumido las caracter\u00edsticas del formato actual con locuciones de ni\u00f1os en di\u00e1logo con los aspectos culturales de cada regi\u00f3n y su capital, como gastronom\u00eda, geograf\u00eda, cuentos, personajes y curiosidades locales, llegando a miles de oyentes y siendo retransmitido eventualmente en espa\u00f1ol en emisoras asociadas de Colombia y Argentina.<\/p>\n<p>&nbsp;<\/p>\n<p>La producci\u00f3n y programaci\u00f3n de contenidos de R\u00e1dio Buti\u00e1 Brasil corre a cargo de la locutora, profesora y narradora brasile\u00f1a Caroline Casagrande<\/p>\n<p>que vive en Curitiba, Paran\u00e1, y est\u00e1 coordinada por el m\u00fasico Paulo Bi, que trabaja en R\u00edo de Janeiro.<\/p>\n<p>&nbsp;<\/p>\n<p>Radio Buti\u00e1 Brasil nace en 2019 como parte de la plataforma digital Mundo Buti\u00e1, coordinada por el compositor y productor cultural uruguayo Julio Brum e integrante del MOCILYC (Movimiento de la Canci\u00f3n Infantil Latinoamericana y Caribe\u00f1a), que desde 1995 trabaja en la promoci\u00f3n de la canci\u00f3n infantil para establecer una mayor conexi\u00f3n entre los pa\u00edses latinoamericanos.<\/p>\n<p>&nbsp;<\/p>\n<p>Este proyecto ha sido ganador de las convocatorias 2023 de Iberm\u00fasicas en la l\u00ednea de Ayudas al Sector Musical en Modalidad Virtual.<\/p>\n<p>&nbsp;<\/p>\n<p>&nbsp;<\/p>\n<ul>\n<li>8 de junio, 10.00 horas Biblioteca P\u00fablica de Paran\u00e1, Rua C\u00e2ndido Lopes, 133, Curitiba, Paran\u00e1, Brasil<\/li>\n<\/ul>\n","protected":false},"excerpt":{"rendered":"<p>Brasil &#8211; Canciones y Regiones es una serie de programas de radio dirigidos al p\u00fablico infantil con contenido cultural biling\u00fce portugu\u00e9s\/espa\u00f1ol de R\u00e1dio Buti\u00e1 Brasil, emisora web que forma parte del MOCILYC (Movimiento de la Canci\u00f3n Infantil Latinoamericana y Caribe\u00f1a). La serie presenta artistas de 7 capitales brasile\u00f1as a trav\u00e9s de canciones, cuentos, recetas e [&hellip;]<\/p>\n","protected":false},"author":7,"featured_media":18854,"comment_status":"closed","ping_status":"closed","sticky":false,"template":"","format":"standard","meta":{"footnotes":""},"categories":[53],"tags":[],"class_list":["post-18853","post","type-post","status-publish","format-standard","has-post-thumbnail","hentry","category-noticias-generales"],"lang":"es","translations":{"es":18853,"pt":18856},"pll_sync_post":[],"post_mailing_queue_ids":[],"_links":{"self":[{"href":"http:\/\/staging.ibermusicas.org\/index.php\/wp-json\/wp\/v2\/posts\/18853","targetHints":{"allow":["GET"]}}],"collection":[{"href":"http:\/\/staging.ibermusicas.org\/index.php\/wp-json\/wp\/v2\/posts"}],"about":[{"href":"http:\/\/staging.ibermusicas.org\/index.php\/wp-json\/wp\/v2\/types\/post"}],"author":[{"embeddable":true,"href":"http:\/\/staging.ibermusicas.org\/index.php\/wp-json\/wp\/v2\/users\/7"}],"replies":[{"embeddable":true,"href":"http:\/\/staging.ibermusicas.org\/index.php\/wp-json\/wp\/v2\/comments?post=18853"}],"version-history":[{"count":1,"href":"http:\/\/staging.ibermusicas.org\/index.php\/wp-json\/wp\/v2\/posts\/18853\/revisions"}],"predecessor-version":[{"id":18855,"href":"http:\/\/staging.ibermusicas.org\/index.php\/wp-json\/wp\/v2\/posts\/18853\/revisions\/18855"}],"wp:featuredmedia":[{"embeddable":true,"href":"http:\/\/staging.ibermusicas.org\/index.php\/wp-json\/wp\/v2\/media\/18854"}],"wp:attachment":[{"href":"http:\/\/staging.ibermusicas.org\/index.php\/wp-json\/wp\/v2\/media?parent=18853"}],"wp:term":[{"taxonomy":"category","embeddable":true,"href":"http:\/\/staging.ibermusicas.org\/index.php\/wp-json\/wp\/v2\/categories?post=18853"},{"taxonomy":"post_tag","embeddable":true,"href":"http:\/\/staging.ibermusicas.org\/index.php\/wp-json\/wp\/v2\/tags?post=18853"}],"curies":[{"name":"wp","href":"https:\/\/api.w.org\/{rel}","templated":true}]}}