{"id":18856,"date":"2024-06-03T17:55:22","date_gmt":"2024-06-03T17:55:22","guid":{"rendered":"http:\/\/staging.ibermusicas.org\/?p=18856"},"modified":"2024-06-27T13:29:15","modified_gmt":"2024-06-27T13:29:15","slug":"radio-butia-lanza-el-primero-de-los-programas-de-la-serie-brasil-canciones-y-regiones","status":"publish","type":"post","link":"http:\/\/staging.ibermusicas.org\/index.php\/radio-butia-lanza-el-primero-de-los-programas-de-la-serie-brasil-canciones-y-regiones\/","title":{"rendered":"Radio Buti\u00e1 lanza el primero de los programas de la serie Brasil &#8211; Canciones y Regiones"},"content":{"rendered":"<p>Brasil &#8211; Can\u00e7\u00f5es e Regi\u00f5es \u00e9 uma s\u00e9rie de programas radiof\u00f4nicos voltada ao p\u00fablico infantil de conte\u00fado cultural bil\u00edngue portugu\u00eas\/espanhol da R\u00e1dio Buti\u00e1 Brasil, r\u00e1dio web integrante do MOCILYC (Movimento da Can\u00e7\u00e3o Infantil Latino Americana e Caribenha). A s\u00e9rie apresenta artistas de 7 capitais brasileiras atrav\u00e9s de can\u00e7\u00f5es, hist\u00f3rias, receitas e informa\u00e7\u00f5es acerca da sua geografia e aspectos socioculturais. A proposta \u00e9 realizar 3 novos programas, sobre as capitais Florian\u00f3polis, Campo Grande e Fortaleza, completando assim a s\u00e9rie de 10 epis\u00f3dios, que ser\u00e3o veiculados em r\u00e1dios parceiras do Brasil e outros pa\u00edses sul americanos.<\/p>\n<p>&nbsp;<\/p>\n<p>A R\u00e1dio Buti\u00e1 Brasil atua a favor da nutri\u00e7\u00e3o cultural das crian\u00e7as a fim de promover a integra\u00e7\u00e3o latino americana atrav\u00e9s da disponibiliza\u00e7\u00e3o de acesso a conte\u00fados culturais de qualidade.<\/p>\n<p>&nbsp;<\/p>\n<p>A partir do programa especial de S\u00e3o Paulo, os programas da s\u00e9rie Brasil: Can\u00e7\u00f5es e Regi\u00f5es\/Brasil: canciones y regiones, foram tomando as caracter\u00edsticas do formato atual com as locu\u00e7\u00f5es feitas por crian\u00e7as num di\u00e1logo com os aspectos culturais de cada regi\u00e3o e sua capital, como a culin\u00e1ria, a geografia, os contos, os<\/p>\n<p>personagens e as curiosidades locais, tendo alcan\u00e7ado milhares de ouvintes, sendo eventualmente retransmitida tamb\u00e9m em vers\u00e3o espanhola em r\u00e1dios parceiras na Col\u00f4mbia e na Argentina.<\/p>\n<p>&nbsp;<\/p>\n<p>A produ\u00e7\u00e3o e a programa\u00e7\u00e3o de conte\u00fados da R\u00e1dio Buti\u00e1 Brasil s\u00e3o realizadas pela radialista, professora e contadora de hist\u00f3rias brasileira, Caroline Casagrande,<\/p>\n<p>residente em Curitiba, estado do Paran\u00e1 junto \u00e0 coordena\u00e7\u00e3o do m\u00fasico Paulo Bi, atuante no Rio de Janeiro, capital.<\/p>\n<p>&nbsp;<\/p>\n<p>A R\u00e1dio Buti\u00e1 Brasil foi fundada em 2019 como parte da plataforma digital Mundo Buti\u00e1, coordenada pelo compositor e produtor cultural uruguaio Julio Brum e integrante do MOCILYC (Movimento da Can\u00e7\u00e3o Infantil Latino Americana e Caribenha), que desde 1995 atua com o prop\u00f3sito de promover a can\u00e7\u00e3o infantil, a fim de estabelecer uma conex\u00e3o maior entre os pa\u00edses latinoamericanos.<\/p>\n<p>&nbsp;<\/p>\n<p>Este projeto foi o vencedor do concurso Iberm\u00fasicas 2023 na linha de Ajudas ao Sector Musical em Modalidade Virtual.<\/p>\n<p>&nbsp;<\/p>\n<ul>\n<li>8 de junho, 10h Biblioteca P\u00fablica do Paran\u00e1, Rua C\u00e2ndido Lopes, 133, Curitiba, Paran\u00e1, Brasil<\/li>\n<\/ul>\n","protected":false},"excerpt":{"rendered":"<p>Brasil &#8211; Can\u00e7\u00f5es e Regi\u00f5es \u00e9 uma s\u00e9rie de programas radiof\u00f4nicos voltada ao p\u00fablico infantil de conte\u00fado cultural bil\u00edngue portugu\u00eas\/espanhol da R\u00e1dio Buti\u00e1 Brasil, r\u00e1dio web integrante do MOCILYC (Movimento da Can\u00e7\u00e3o Infantil Latino Americana e Caribenha). A s\u00e9rie apresenta artistas de 7 capitais brasileiras atrav\u00e9s de can\u00e7\u00f5es, hist\u00f3rias, receitas e informa\u00e7\u00f5es acerca da sua [&hellip;]<\/p>\n","protected":false},"author":7,"featured_media":18854,"comment_status":"closed","ping_status":"closed","sticky":false,"template":"","format":"standard","meta":{"footnotes":""},"categories":[218],"tags":[],"class_list":["post-18856","post","type-post","status-publish","format-standard","has-post-thumbnail","hentry","category-noticias-generales-pt"],"lang":"pt","translations":{"pt":18856,"es":18853},"pll_sync_post":[],"post_mailing_queue_ids":[],"_links":{"self":[{"href":"http:\/\/staging.ibermusicas.org\/index.php\/wp-json\/wp\/v2\/posts\/18856","targetHints":{"allow":["GET"]}}],"collection":[{"href":"http:\/\/staging.ibermusicas.org\/index.php\/wp-json\/wp\/v2\/posts"}],"about":[{"href":"http:\/\/staging.ibermusicas.org\/index.php\/wp-json\/wp\/v2\/types\/post"}],"author":[{"embeddable":true,"href":"http:\/\/staging.ibermusicas.org\/index.php\/wp-json\/wp\/v2\/users\/7"}],"replies":[{"embeddable":true,"href":"http:\/\/staging.ibermusicas.org\/index.php\/wp-json\/wp\/v2\/comments?post=18856"}],"version-history":[{"count":1,"href":"http:\/\/staging.ibermusicas.org\/index.php\/wp-json\/wp\/v2\/posts\/18856\/revisions"}],"predecessor-version":[{"id":18857,"href":"http:\/\/staging.ibermusicas.org\/index.php\/wp-json\/wp\/v2\/posts\/18856\/revisions\/18857"}],"wp:featuredmedia":[{"embeddable":true,"href":"http:\/\/staging.ibermusicas.org\/index.php\/wp-json\/wp\/v2\/media\/18854"}],"wp:attachment":[{"href":"http:\/\/staging.ibermusicas.org\/index.php\/wp-json\/wp\/v2\/media?parent=18856"}],"wp:term":[{"taxonomy":"category","embeddable":true,"href":"http:\/\/staging.ibermusicas.org\/index.php\/wp-json\/wp\/v2\/categories?post=18856"},{"taxonomy":"post_tag","embeddable":true,"href":"http:\/\/staging.ibermusicas.org\/index.php\/wp-json\/wp\/v2\/tags?post=18856"}],"curies":[{"name":"wp","href":"https:\/\/api.w.org\/{rel}","templated":true}]}}