{"id":18858,"date":"2024-06-03T17:56:28","date_gmt":"2024-06-03T17:56:28","guid":{"rendered":"http:\/\/staging.ibermusicas.org\/?p=18858"},"modified":"2024-06-27T13:16:10","modified_gmt":"2024-06-27T13:16:10","slug":"desde-portugal-el-duo-senza-lleva-su-musica-a-uruguay","status":"publish","type":"post","link":"http:\/\/staging.ibermusicas.org\/index.php\/desde-portugal-el-duo-senza-lleva-su-musica-a-uruguay\/","title":{"rendered":"Desde Portugal, el d\u00fao Senza lleva su m\u00fasica a Uruguay"},"content":{"rendered":"<p>Catarina Duarte y Nuno Caldeira son Senza y hacen m\u00fasica inspirada en los lugares m\u00e1s remotos del mundo, pero cantan y piensan en buen portugu\u00e9s. Producen un sonido sorprendentemente grande para un d\u00fao: es tan portugu\u00e9s como global, tan \u00e9tnico como urbano.<\/p>\n<p>&nbsp;<\/p>\n<p>En esta gira, Senza presenta sus canciones como una herramienta de transformaci\u00f3n social y un faro de esperanza que trasciende las barreras del tiempo. El grupo procura presentar en Uruguay una experiencia musical exclusiva, que promete una interacci\u00f3n innovadora con el p\u00fablico.<\/p>\n<p>&nbsp;<\/p>\n<p>La gira de Senza por Uruguay pretende ser una celebraci\u00f3n de la diversidad, revestida de sonidos evocadores. La banda se compromete a llevar su mensaje a una variedad de audiencias, promoviendo un di\u00e1logo sonoro y momentos compartidos con el p\u00fablico.<\/p>\n<p>&nbsp;<\/p>\n<p>Con tres \u00e1lbumes en el mercado y una importante trayectoria internacional, Senza es un d\u00fao emergente en la m\u00fasica portuguesa actual. Han actuado en m\u00e1s de 200 escenarios de todo el mundo. \u00abPr\u00f3xima Paragem\u00bb es el nombre del tercer \u00e1lbum de la banda, que insiste en un mensaje con contenido y reflexiona sobre temas de la agenda mundial. Los singles \u00abSozinha no Mundo (feat. Carl\u00e3o)\u00bb y \u00abBailarina do Soweto\u00bb son ejemplos de ello. El tercer \u00e1lbum del d\u00fao no prescinde de su identidad mestiza, pero ahora a\u00f1ade nuevos elementos electr\u00f3nicos, lo que resulta en una experiencia musical \u00e9tnica y contempor\u00e1nea a la vez.<\/p>\n<p>&nbsp;<\/p>\n<p>Un concierto de Senza es siempre un intercambio y un di\u00e1logo innovador con el p\u00fablico, con pinceladas ex\u00f3ticas y ritmos bailables.<\/p>\n<p>&nbsp;<\/p>\n<p>Esta gira de Senza cuenta con el apoyo de Iberm\u00fasicas mediante sus ayudas al sector musical para la circulaci\u00f3n, convocatorias 2023.<\/p>\n<p>&nbsp;<\/p>\n<ul>\n<li>7 de junio 19h &#8211; Auditorio de la Facultad de Informaci\u00f3n y Comunicaci\u00f3n de la Universidad de la Rep\u00fablica, Montevideo (Uruguay)<\/li>\n<li>9 de junio 19h &#8211; Centro Cultural Ciudad de la Costa, Canelones (Uruguay)<\/li>\n<li>10 de junio 19h &#8211; Auditorio CAF &#8211; Banco de Desarrollo de Am\u00e9rica Latina, Montevideo (Uruguay)<\/li>\n<\/ul>\n","protected":false},"excerpt":{"rendered":"<p>Catarina Duarte y Nuno Caldeira son Senza y hacen m\u00fasica inspirada en los lugares m\u00e1s remotos del mundo, pero cantan y piensan en buen portugu\u00e9s. Producen un sonido sorprendentemente grande para un d\u00fao: es tan portugu\u00e9s como global, tan \u00e9tnico como urbano. &nbsp; En esta gira, Senza presenta sus canciones como una herramienta de transformaci\u00f3n [&hellip;]<\/p>\n","protected":false},"author":7,"featured_media":18859,"comment_status":"closed","ping_status":"closed","sticky":false,"template":"","format":"standard","meta":{"footnotes":""},"categories":[53],"tags":[],"class_list":["post-18858","post","type-post","status-publish","format-standard","has-post-thumbnail","hentry","category-noticias-generales"],"lang":"es","translations":{"es":18858,"pt":18861},"pll_sync_post":[],"post_mailing_queue_ids":[],"_links":{"self":[{"href":"http:\/\/staging.ibermusicas.org\/index.php\/wp-json\/wp\/v2\/posts\/18858","targetHints":{"allow":["GET"]}}],"collection":[{"href":"http:\/\/staging.ibermusicas.org\/index.php\/wp-json\/wp\/v2\/posts"}],"about":[{"href":"http:\/\/staging.ibermusicas.org\/index.php\/wp-json\/wp\/v2\/types\/post"}],"author":[{"embeddable":true,"href":"http:\/\/staging.ibermusicas.org\/index.php\/wp-json\/wp\/v2\/users\/7"}],"replies":[{"embeddable":true,"href":"http:\/\/staging.ibermusicas.org\/index.php\/wp-json\/wp\/v2\/comments?post=18858"}],"version-history":[{"count":1,"href":"http:\/\/staging.ibermusicas.org\/index.php\/wp-json\/wp\/v2\/posts\/18858\/revisions"}],"predecessor-version":[{"id":18860,"href":"http:\/\/staging.ibermusicas.org\/index.php\/wp-json\/wp\/v2\/posts\/18858\/revisions\/18860"}],"wp:featuredmedia":[{"embeddable":true,"href":"http:\/\/staging.ibermusicas.org\/index.php\/wp-json\/wp\/v2\/media\/18859"}],"wp:attachment":[{"href":"http:\/\/staging.ibermusicas.org\/index.php\/wp-json\/wp\/v2\/media?parent=18858"}],"wp:term":[{"taxonomy":"category","embeddable":true,"href":"http:\/\/staging.ibermusicas.org\/index.php\/wp-json\/wp\/v2\/categories?post=18858"},{"taxonomy":"post_tag","embeddable":true,"href":"http:\/\/staging.ibermusicas.org\/index.php\/wp-json\/wp\/v2\/tags?post=18858"}],"curies":[{"name":"wp","href":"https:\/\/api.w.org\/{rel}","templated":true}]}}