{"id":18861,"date":"2024-06-03T17:57:37","date_gmt":"2024-06-03T17:57:37","guid":{"rendered":"http:\/\/staging.ibermusicas.org\/?p=18861"},"modified":"2024-06-27T13:29:07","modified_gmt":"2024-06-27T13:29:07","slug":"de-portugal-a-dupla-senza-leva-a-sua-musica-para-o-uruguai","status":"publish","type":"post","link":"http:\/\/staging.ibermusicas.org\/index.php\/de-portugal-a-dupla-senza-leva-a-sua-musica-para-o-uruguai\/","title":{"rendered":"De Portugal, a dupla Senza leva a sua m\u00fasica para o Uruguai"},"content":{"rendered":"<p>Catarina Duarte e Nuno Caldeira s\u00e3o Senza e fazem m\u00fasica inspirada nas paragens mais remotas do mundo, mas cantam e pensam em bom portugu\u00eas. Produzem uma sonoridade surpreendentemente grande para um duo: \u00e9 um som t\u00e3o portugu\u00eas quanto global, tanto \u00e9tnico quanto urbano.<\/p>\n<p>&nbsp;<\/p>\n<p>Nesta tourn\u00e9e, os Senza apresentam as canc\u0327o\u0303es enquanto ferramenta de transformac\u0327a\u0303o social e farol de esperanc\u0327a, que transcende as barreiras do tempo. O grupo pretende assim apresentar uma experie\u0302ncia musical exclusiva no Uruguai, que promete uma interac\u0327a\u0303o inovadora com o pu\u0301blico.<\/p>\n<p>&nbsp;<\/p>\n<p>A passagem do grupo Senza no Uruguai pretende ser uma celebrac\u0327a\u0303o da diversidade, revestida de sonoridades evocativas. A banda esta\u0301 comprometida em entregar a sua mensagem a audie\u0302ncias variadas, promovendo um dia\u0301logo sonoro e momentos de partilha com o pu\u0301blico.<\/p>\n<p>&nbsp;<\/p>\n<p>Com tr\u00eas discos editados e um expressivo percurso internacional, os Senza s\u00e3o uma dupla emergente na atualidade musical portuguesa. Pisaram mais de 200 palcos por todo o mundo. \u201cPr\u00f3xima Paragem\u201d \u00e9 o nome do terceiro disco da banda que insiste na mensagem com conte\u00fado e reflete sobre temas da agenda mundial. S\u00e3o casos disso os singles \u00abSozinha no Mundo (feat. Carl\u00e3o)\u00bb e \u00abBailarina do Soweto\u00bb. O terceiro \u00e1lbum da dupla n\u00e3o prescinde da identidade mesti\u00e7a mas junta-lhe agora novos elementos eletr\u00f3nicos, que resultam numa experi\u00eancia musical simultaneamente \u00e9tnica e contempor\u00e2nea.<\/p>\n<p>&nbsp;<\/p>\n<p>Um concerto de Senza \u00e9 sempre uma partilha e um di\u00e1logo inovador com o p\u00fablico, com pinceladas ex\u00f3ticas e ritmos dan\u00e7\u00e1veis.<\/p>\n<p>&nbsp;<\/p>\n<p>Esta digress\u00e3o de Senza \u00e9 apoiada pelo Programa Iberm\u00fasicas atrav\u00e9s das suas ajudas ao sector musical para a circula\u00e7\u00e3o, chamadas 2023.<\/p>\n<p>&nbsp;<\/p>\n<ul>\n<li>7 de junho 19h &#8211; Concerto Aulario de la Universidad de la Rep\u00fablica &#8211; Em colabora\u00e7\u00e3o com o Centro de L\u00edngua Portuguesa Cam\u00f5es\/Udelar, Montevid\u00e9u, Uruguai<\/li>\n<li>9 de junho 19h &#8211; Concerto Departamento de Canelones, em colabora\u00e7\u00e3o com a Intendencia de Canelones, Uruguai<\/li>\n<li>10 de junho 19h &#8211; Concerto Audit\u00f3rio da CAF &#8211; Banco de Desarrollo de Am\u00e9rica Latina, Montevid\u00e9u, Uruguai<\/li>\n<\/ul>\n","protected":false},"excerpt":{"rendered":"<p>Catarina Duarte e Nuno Caldeira s\u00e3o Senza e fazem m\u00fasica inspirada nas paragens mais remotas do mundo, mas cantam e pensam em bom portugu\u00eas. Produzem uma sonoridade surpreendentemente grande para um duo: \u00e9 um som t\u00e3o portugu\u00eas quanto global, tanto \u00e9tnico quanto urbano. &nbsp; Nesta tourn\u00e9e, os Senza apresentam as canc\u0327o\u0303es enquanto ferramenta de transformac\u0327a\u0303o [&hellip;]<\/p>\n","protected":false},"author":7,"featured_media":18859,"comment_status":"closed","ping_status":"closed","sticky":false,"template":"","format":"standard","meta":{"footnotes":""},"categories":[218],"tags":[],"class_list":["post-18861","post","type-post","status-publish","format-standard","has-post-thumbnail","hentry","category-noticias-generales-pt"],"lang":"pt","translations":{"pt":18861,"es":18858},"pll_sync_post":[],"post_mailing_queue_ids":[],"_links":{"self":[{"href":"http:\/\/staging.ibermusicas.org\/index.php\/wp-json\/wp\/v2\/posts\/18861","targetHints":{"allow":["GET"]}}],"collection":[{"href":"http:\/\/staging.ibermusicas.org\/index.php\/wp-json\/wp\/v2\/posts"}],"about":[{"href":"http:\/\/staging.ibermusicas.org\/index.php\/wp-json\/wp\/v2\/types\/post"}],"author":[{"embeddable":true,"href":"http:\/\/staging.ibermusicas.org\/index.php\/wp-json\/wp\/v2\/users\/7"}],"replies":[{"embeddable":true,"href":"http:\/\/staging.ibermusicas.org\/index.php\/wp-json\/wp\/v2\/comments?post=18861"}],"version-history":[{"count":1,"href":"http:\/\/staging.ibermusicas.org\/index.php\/wp-json\/wp\/v2\/posts\/18861\/revisions"}],"predecessor-version":[{"id":18862,"href":"http:\/\/staging.ibermusicas.org\/index.php\/wp-json\/wp\/v2\/posts\/18861\/revisions\/18862"}],"wp:featuredmedia":[{"embeddable":true,"href":"http:\/\/staging.ibermusicas.org\/index.php\/wp-json\/wp\/v2\/media\/18859"}],"wp:attachment":[{"href":"http:\/\/staging.ibermusicas.org\/index.php\/wp-json\/wp\/v2\/media?parent=18861"}],"wp:term":[{"taxonomy":"category","embeddable":true,"href":"http:\/\/staging.ibermusicas.org\/index.php\/wp-json\/wp\/v2\/categories?post=18861"},{"taxonomy":"post_tag","embeddable":true,"href":"http:\/\/staging.ibermusicas.org\/index.php\/wp-json\/wp\/v2\/tags?post=18861"}],"curies":[{"name":"wp","href":"https:\/\/api.w.org\/{rel}","templated":true}]}}