{"id":18863,"date":"2024-06-03T17:59:19","date_gmt":"2024-06-03T17:59:19","guid":{"rendered":"http:\/\/staging.ibermusicas.org\/?p=18863"},"modified":"2024-06-03T17:59:19","modified_gmt":"2024-06-03T17:59:19","slug":"llega-a-arequipa-el-peru-ska-festival-con-la-presencia-de-la-banda-de-ska-mexicana-out-of-control-army","status":"publish","type":"post","link":"http:\/\/staging.ibermusicas.org\/index.php\/llega-a-arequipa-el-peru-ska-festival-con-la-presencia-de-la-banda-de-ska-mexicana-out-of-control-army\/","title":{"rendered":"Llega a Arequipa el Per\u00fa Ska Festival con la presencia de la banda de ska mexicana Out of Control Army"},"content":{"rendered":"<p>Per\u00fa Ska Festival junto a El Wecco Comunidad y Tambo de Bronce presentan un festival de m\u00fasica independiente que contar\u00e1 con la destacada presencia de la banda de ska mexicana Out of Control Army, reconocida por su participaci\u00f3n en el Vive Latino y que se prepara para su segunda gira mundial en el 2024. Este evento reunir\u00e1 propuestas musicales diversas de Per\u00fa e Iberoam\u00e9rica en un concierto que tendr\u00e1 lugar en una locaci\u00f3n emblem\u00e1tica del centro hist\u00f3rico de Arequipa y en el centro cultural de El Wecco Comunidad.<\/p>\n<p>&nbsp;<\/p>\n<p>Adem\u00e1s de los conciertos, el festival ofrecer\u00e1 actividades complementarias como clases magistrales de m\u00fasica y conversatorios, promoviendo el intercambio de conocimientos y experiencias entre artistas y amantes de la m\u00fasica independiente.<\/p>\n<p>&nbsp;<\/p>\n<p>Se trata de un evento que es el resultado del esfuerzo conjunto de tres destacadas asociaciones culturales:<\/p>\n<p>&nbsp;<\/p>\n<ul>\n<li>El Wecco Comunidad, un colectivo que, con dos d\u00e9cadas de trayectoria, ha sido pionero en la promoci\u00f3n y producci\u00f3n de eventos en pro de la m\u00fasica independiente en la ciudad de Arequipa. Este colectivo se distingue por su enfoque multidisciplinario, colocando a la m\u00fasica como el epicentro de su actividad.<\/li>\n<\/ul>\n<p>&nbsp;<\/p>\n<ul>\n<li>Per\u00fa Ska Festival, un colectivo que lleva produciendo su festival desde el a\u00f1o 2016. Estos encuentros nacionales e internacionales congregaron durante estos a\u00f1os a m\u00e1s de 20 bandas de pa\u00edses como Per\u00fa, Argentina, Chile, Colombia y M\u00e9xico.<\/li>\n<\/ul>\n<p>&nbsp;<\/p>\n<ul>\n<li>Tambo de Bronce, una asociaci\u00f3n cultural y punto de cultura en la ciudad de Arequipa con 15 a\u00f1os de experiencia en cultura viva comunitaria y producci\u00f3n cultural, se suma a esta celebraci\u00f3n, enriqueciendo la diversidad y el tejido cultural de la regi\u00f3n.<\/li>\n<\/ul>\n<p>&nbsp;<\/p>\n<p>El Per\u00fa Ska Festival cuenta con el apoyo de Iberm\u00fasicas mediante sus Ayudas al Sector Musical para la Programaci\u00f3n, convocatoria 2023.<\/p>\n<ul>\n<li>9 de junio en Arequipa, Per\u00fa<\/li>\n<\/ul>\n","protected":false},"excerpt":{"rendered":"<p>Per\u00fa Ska Festival junto a El Wecco Comunidad y Tambo de Bronce presentan un festival de m\u00fasica independiente que contar\u00e1 con la destacada presencia de la banda de ska mexicana Out of Control Army, reconocida por su participaci\u00f3n en el Vive Latino y que se prepara para su segunda gira mundial en el 2024. Este [&hellip;]<\/p>\n","protected":false},"author":7,"featured_media":18864,"comment_status":"closed","ping_status":"closed","sticky":false,"template":"","format":"standard","meta":{"footnotes":""},"categories":[53],"tags":[],"class_list":["post-18863","post","type-post","status-publish","format-standard","has-post-thumbnail","hentry","category-noticias-generales"],"lang":"es","translations":{"es":18863,"pt":18866},"pll_sync_post":[],"post_mailing_queue_ids":[],"_links":{"self":[{"href":"http:\/\/staging.ibermusicas.org\/index.php\/wp-json\/wp\/v2\/posts\/18863","targetHints":{"allow":["GET"]}}],"collection":[{"href":"http:\/\/staging.ibermusicas.org\/index.php\/wp-json\/wp\/v2\/posts"}],"about":[{"href":"http:\/\/staging.ibermusicas.org\/index.php\/wp-json\/wp\/v2\/types\/post"}],"author":[{"embeddable":true,"href":"http:\/\/staging.ibermusicas.org\/index.php\/wp-json\/wp\/v2\/users\/7"}],"replies":[{"embeddable":true,"href":"http:\/\/staging.ibermusicas.org\/index.php\/wp-json\/wp\/v2\/comments?post=18863"}],"version-history":[{"count":1,"href":"http:\/\/staging.ibermusicas.org\/index.php\/wp-json\/wp\/v2\/posts\/18863\/revisions"}],"predecessor-version":[{"id":18865,"href":"http:\/\/staging.ibermusicas.org\/index.php\/wp-json\/wp\/v2\/posts\/18863\/revisions\/18865"}],"wp:featuredmedia":[{"embeddable":true,"href":"http:\/\/staging.ibermusicas.org\/index.php\/wp-json\/wp\/v2\/media\/18864"}],"wp:attachment":[{"href":"http:\/\/staging.ibermusicas.org\/index.php\/wp-json\/wp\/v2\/media?parent=18863"}],"wp:term":[{"taxonomy":"category","embeddable":true,"href":"http:\/\/staging.ibermusicas.org\/index.php\/wp-json\/wp\/v2\/categories?post=18863"},{"taxonomy":"post_tag","embeddable":true,"href":"http:\/\/staging.ibermusicas.org\/index.php\/wp-json\/wp\/v2\/tags?post=18863"}],"curies":[{"name":"wp","href":"https:\/\/api.w.org\/{rel}","templated":true}]}}