{"id":18866,"date":"2024-06-03T18:00:40","date_gmt":"2024-06-03T18:00:40","guid":{"rendered":"http:\/\/staging.ibermusicas.org\/?p=18866"},"modified":"2024-06-03T18:00:40","modified_gmt":"2024-06-03T18:00:40","slug":"peru-ska-festival-chega-a-arequipa-com-a-presenca-da-banda-mexicana-de-ska-out-of-control-army","status":"publish","type":"post","link":"http:\/\/staging.ibermusicas.org\/index.php\/peru-ska-festival-chega-a-arequipa-com-a-presenca-da-banda-mexicana-de-ska-out-of-control-army\/","title":{"rendered":"Peru Ska Festival chega a Arequipa com a presen\u00e7a da banda mexicana de ska Out of Control Army"},"content":{"rendered":"<p>O Per\u00fa Ska Festival, juntamente com El Wecco Comunidad e Tambo de Bronce, apresentam um festival de m\u00fasica independente que contar\u00e1 com a presen\u00e7a destacada da banda mexicana de ska Out of Control Army, conhecida pela sua participa\u00e7\u00e3o no Vive Latino e que se prepara para a sua segunda digress\u00e3o mundial em 2024. Este evento reunir\u00e1 diversas propostas musicais do Peru e da Am\u00e9rica Latina num concerto que ter\u00e1 lugar num local emblem\u00e1tico do centro hist\u00f3rico de Arequipa e no centro cultural de El Wecco Comunidad.<\/p>\n<p>&nbsp;<\/p>\n<p>Para al\u00e9m dos concertos, o festival oferecer\u00e1 atividades complementares, como masterclasses de m\u00fasica e palestras, promovendo o interc\u00e2mbio de conhecimentos e experi\u00eancias entre artistas e amantes da m\u00fasica independente.<\/p>\n<p>&nbsp;<\/p>\n<p>Trata-se de um evento que \u00e9 o resultado do esfor\u00e7o conjunto de tr\u00eas associa\u00e7\u00f5es culturais de destaque:<\/p>\n<p>&nbsp;<\/p>\n<ul>\n<li>El Wecco Comunidad, um coletivo que, com duas d\u00e9cadas de experi\u00eancia, tem sido pioneiro na promo\u00e7\u00e3o e produ\u00e7\u00e3o de eventos a favor da m\u00fasica independente na cidade de Arequipa. Este coletivo distingue-se pela sua abordagem multidisciplinar, colocando a m\u00fasica como o epicentro da sua atividade.<\/li>\n<\/ul>\n<p>&nbsp;<\/p>\n<ul>\n<li>Peru Ska Festival, um coletivo que tem vindo a produzir o seu festival desde 2016. Estes encontros nacionais e internacionais reuniram mais de 20 bandas de pa\u00edses como o Peru, Argentina, Chile, Col\u00f4mbia e M\u00e9xico.<\/li>\n<\/ul>\n<p>&nbsp;<\/p>\n<ul>\n<li>Tambo de Bronce, associa\u00e7\u00e3o cultural e polo cultural da cidade de Arequipa, com 15 anos de experi\u00eancia em cultura viva comunit\u00e1ria e produ\u00e7\u00e3o cultural, junta-se a esta celebra\u00e7\u00e3o, enriquecendo a diversidade e o tecido cultural da regi\u00e3o.<\/li>\n<\/ul>\n<p>&nbsp;<\/p>\n<p>&nbsp;<\/p>\n<p>O Peru Ska Festival conta com o apoio do Programa Iberm\u00fasicas atrav\u00e9s das suas Ajudas ao Sector da M\u00fasica para a Programa\u00e7\u00e3o, convocat\u00f3ria 2023.<\/p>\n<p>&nbsp;<\/p>\n<ul>\n<li>9 de junho em Arequipa, Peru<\/li>\n<\/ul>\n","protected":false},"excerpt":{"rendered":"<p>O Per\u00fa Ska Festival, juntamente com El Wecco Comunidad e Tambo de Bronce, apresentam um festival de m\u00fasica independente que contar\u00e1 com a presen\u00e7a destacada da banda mexicana de ska Out of Control Army, conhecida pela sua participa\u00e7\u00e3o no Vive Latino e que se prepara para a sua segunda digress\u00e3o mundial em 2024. Este evento [&hellip;]<\/p>\n","protected":false},"author":7,"featured_media":18864,"comment_status":"closed","ping_status":"closed","sticky":false,"template":"","format":"standard","meta":{"footnotes":""},"categories":[218],"tags":[],"class_list":["post-18866","post","type-post","status-publish","format-standard","has-post-thumbnail","hentry","category-noticias-generales-pt"],"lang":"pt","translations":{"pt":18866,"es":18863},"pll_sync_post":[],"post_mailing_queue_ids":[],"_links":{"self":[{"href":"http:\/\/staging.ibermusicas.org\/index.php\/wp-json\/wp\/v2\/posts\/18866","targetHints":{"allow":["GET"]}}],"collection":[{"href":"http:\/\/staging.ibermusicas.org\/index.php\/wp-json\/wp\/v2\/posts"}],"about":[{"href":"http:\/\/staging.ibermusicas.org\/index.php\/wp-json\/wp\/v2\/types\/post"}],"author":[{"embeddable":true,"href":"http:\/\/staging.ibermusicas.org\/index.php\/wp-json\/wp\/v2\/users\/7"}],"replies":[{"embeddable":true,"href":"http:\/\/staging.ibermusicas.org\/index.php\/wp-json\/wp\/v2\/comments?post=18866"}],"version-history":[{"count":1,"href":"http:\/\/staging.ibermusicas.org\/index.php\/wp-json\/wp\/v2\/posts\/18866\/revisions"}],"predecessor-version":[{"id":18867,"href":"http:\/\/staging.ibermusicas.org\/index.php\/wp-json\/wp\/v2\/posts\/18866\/revisions\/18867"}],"wp:featuredmedia":[{"embeddable":true,"href":"http:\/\/staging.ibermusicas.org\/index.php\/wp-json\/wp\/v2\/media\/18864"}],"wp:attachment":[{"href":"http:\/\/staging.ibermusicas.org\/index.php\/wp-json\/wp\/v2\/media?parent=18866"}],"wp:term":[{"taxonomy":"category","embeddable":true,"href":"http:\/\/staging.ibermusicas.org\/index.php\/wp-json\/wp\/v2\/categories?post=18866"},{"taxonomy":"post_tag","embeddable":true,"href":"http:\/\/staging.ibermusicas.org\/index.php\/wp-json\/wp\/v2\/tags?post=18866"}],"curies":[{"name":"wp","href":"https:\/\/api.w.org\/{rel}","templated":true}]}}