{"id":18868,"date":"2024-06-03T18:02:00","date_gmt":"2024-06-03T18:02:00","guid":{"rendered":"http:\/\/staging.ibermusicas.org\/?p=18868"},"modified":"2024-06-03T18:02:00","modified_gmt":"2024-06-03T18:02:00","slug":"corporacion-cultural-nuble-continua-con-su-programa-de-internacionalizacion-pacifico-atlantico","status":"publish","type":"post","link":"http:\/\/staging.ibermusicas.org\/index.php\/corporacion-cultural-nuble-continua-con-su-programa-de-internacionalizacion-pacifico-atlantico\/","title":{"rendered":"Corporaci\u00f3n Cultural \u00d1uble contin\u00faa con su Programa de Internacionalizaci\u00f3n Pac\u00edfico-Atl\u00e1ntico"},"content":{"rendered":"<p>La Corporaci\u00f3n Cultural de \u00d1uble, en Chile, nace en 2022 a partir de la necesidad de la Orquesta de C\u00e1mara de San Carlos de formalizar su organizaci\u00f3n. Impulsada por j\u00f3venes m\u00fasicos gestores locales, la Corporaci\u00f3n se consolida d\u00eda a d\u00eda como un agente cultural que trabaja por la innovaci\u00f3n de la programaci\u00f3n musical regional, por la formaci\u00f3n musical y por el desarrollo humano integral de la comunidad de la regi\u00f3n de \u00d1uble.<\/p>\n<p>&nbsp;<\/p>\n<p>En septiembre del a\u00f1o 2022, la Corporaci\u00f3n Cultural de \u00d1uble expande su rango de incidencia, creando la primera Orquesta Sinf\u00f3nica de la regi\u00f3n, integrando a m\u00e1s de 50 profesionales, entre m\u00fasicos, gestores y especialistas en \u00e1reas de la comunicaci\u00f3n.<\/p>\n<p>&nbsp;<\/p>\n<p>El Programa de Internacionalizaci\u00f3n Pac\u00edfico &#8211; Atl\u00e1ntico 2024 representa la oportunidad de consolidar el trabajo que la Corporaci\u00f3n viene realizando con artistas internacionales de Brasil y Argentina, incluy\u00e9ndolos en su programaci\u00f3n anual de conciertos sinf\u00f3nicos mediante actividades art\u00edsticas y formativas que no s\u00f3lo alcanzan a la orquesta y a los grupos de c\u00e1mara gestionados por la Corporaci\u00f3n, sino a instrumentistas, orquestas juveniles y liceos art\u00edsticos de la Regi\u00f3n de \u00d1uble.<\/p>\n<p>&nbsp;<\/p>\n<p>Desde 2023 el director de la Sinf\u00f3nica de \u00d1uble es Emmanuele Baldini. Nacido en Trieste, Italia, estudia en su ciudad natal con Bruno Polli y contin\u00faa su entrenamiento violin\u00edstico en Ginebra con Corrado Romano. En Salzburgo y Berl\u00edn recibe instrucci\u00f3n de Ruggiero Ricci y estudia direcci\u00f3n orquestal con Isaac Karabtchevsky y Frank Shipway. Ha realizado presentaciones como solista y en recitales alrededor del mundo y ha sido concertino en orquestas de Italia y Brasil. Actualmente es concertino de la Orquesta Sinf\u00f3nica del Estado de Sao Paulo (OSESP). Como director de orquesta, Baldini se ha presentado en lugares como el Teatro Col\u00f3n de Buenos Aires y el Teatro del Sodre de Montevideo, entre otras colaboraciones junto a las principales orquestas de Latinoam\u00e9rica.<\/p>\n<p>&nbsp;<\/p>\n<p>La propuesta de la Sinf\u00f3nica de \u00d1uble ha sido ganadora de la convocatoria 2023 del Programa Iberm\u00fasicas en la l\u00ednea de acci\u00f3n de Ayudas a la Programaci\u00f3n Iberoamericana.<\/p>\n<p>&nbsp;<\/p>\n<ul>\n<li>10 de junio, 19h30, Sinfon\u00eda Nro 2 de Ludwig van Beethoven, concertino: Iliana Gonz\u00e1lez<\/li>\n<\/ul>\n","protected":false},"excerpt":{"rendered":"<p>La Corporaci\u00f3n Cultural de \u00d1uble, en Chile, nace en 2022 a partir de la necesidad de la Orquesta de C\u00e1mara de San Carlos de formalizar su organizaci\u00f3n. Impulsada por j\u00f3venes m\u00fasicos gestores locales, la Corporaci\u00f3n se consolida d\u00eda a d\u00eda como un agente cultural que trabaja por la innovaci\u00f3n de la programaci\u00f3n musical regional, por [&hellip;]<\/p>\n","protected":false},"author":7,"featured_media":18869,"comment_status":"closed","ping_status":"closed","sticky":false,"template":"","format":"standard","meta":{"footnotes":""},"categories":[53],"tags":[],"class_list":["post-18868","post","type-post","status-publish","format-standard","has-post-thumbnail","hentry","category-noticias-generales"],"lang":"es","translations":{"es":18868,"pt":18871},"pll_sync_post":[],"post_mailing_queue_ids":[],"_links":{"self":[{"href":"http:\/\/staging.ibermusicas.org\/index.php\/wp-json\/wp\/v2\/posts\/18868","targetHints":{"allow":["GET"]}}],"collection":[{"href":"http:\/\/staging.ibermusicas.org\/index.php\/wp-json\/wp\/v2\/posts"}],"about":[{"href":"http:\/\/staging.ibermusicas.org\/index.php\/wp-json\/wp\/v2\/types\/post"}],"author":[{"embeddable":true,"href":"http:\/\/staging.ibermusicas.org\/index.php\/wp-json\/wp\/v2\/users\/7"}],"replies":[{"embeddable":true,"href":"http:\/\/staging.ibermusicas.org\/index.php\/wp-json\/wp\/v2\/comments?post=18868"}],"version-history":[{"count":1,"href":"http:\/\/staging.ibermusicas.org\/index.php\/wp-json\/wp\/v2\/posts\/18868\/revisions"}],"predecessor-version":[{"id":18870,"href":"http:\/\/staging.ibermusicas.org\/index.php\/wp-json\/wp\/v2\/posts\/18868\/revisions\/18870"}],"wp:featuredmedia":[{"embeddable":true,"href":"http:\/\/staging.ibermusicas.org\/index.php\/wp-json\/wp\/v2\/media\/18869"}],"wp:attachment":[{"href":"http:\/\/staging.ibermusicas.org\/index.php\/wp-json\/wp\/v2\/media?parent=18868"}],"wp:term":[{"taxonomy":"category","embeddable":true,"href":"http:\/\/staging.ibermusicas.org\/index.php\/wp-json\/wp\/v2\/categories?post=18868"},{"taxonomy":"post_tag","embeddable":true,"href":"http:\/\/staging.ibermusicas.org\/index.php\/wp-json\/wp\/v2\/tags?post=18868"}],"curies":[{"name":"wp","href":"https:\/\/api.w.org\/{rel}","templated":true}]}}