{"id":18873,"date":"2024-06-03T18:04:46","date_gmt":"2024-06-03T18:04:46","guid":{"rendered":"http:\/\/staging.ibermusicas.org\/?p=18873"},"modified":"2024-06-27T13:16:04","modified_gmt":"2024-06-27T13:16:04","slug":"el-duo-entre-luas-integrado-por-erika-ribeiro-y-tatiana-parra-trae-su-propuesta-brasilena-a-uruguay","status":"publish","type":"post","link":"http:\/\/staging.ibermusicas.org\/index.php\/el-duo-entre-luas-integrado-por-erika-ribeiro-y-tatiana-parra-trae-su-propuesta-brasilena-a-uruguay\/","title":{"rendered":"El d\u00fao \u00abEntre Luas\u00bb integrado por \u00c9rika Ribeiro y Tatiana Parra trae su propuesta brasile\u00f1a a Uruguay"},"content":{"rendered":"<p>\u00abEntre Luas\u00bb une a las premiadas artistas \u00c9rika Ribeiro y Tatiana Parra en un espect\u00e1culo que mezcla m\u00fasicas de diferentes vertientes, desde una perspectiva global e inclusiva.<\/p>\n<p>&nbsp;<\/p>\n<p>El repertorio cuenta con composiciones de Clarice Assad, Lea Freire, Karina Contreras, Olivia Trummer y Zenobia Perry, mujeres de distintas generaciones, pero que han experimentado con sonidos vinculados a las emociones y lo femenino.<\/p>\n<p>&nbsp;<\/p>\n<p>Esto hace que este trabajo navegue entre diferentes po\u00e9ticas, contemplando una visi\u00f3n musical que cree en el poder de la delicadeza, el silencio y la reflexi\u00f3n como gu\u00edas en los laberintos de lo contempor\u00e1neo, con Sudam\u00e9rica como punto de partida.<\/p>\n<p>&nbsp;<\/p>\n<p>Adem\u00e1s de rescatar la obra de mujeres compositoras sac\u00e1ndolas a la luz en su repertorio, en este trabajo Erika Ribeiro y Tatiana Parra ampl\u00edan el concepto de int\u00e9rpretes aportando sus propias composiciones y concibiendo sus propios arreglos y transcripciones.<\/p>\n<p>&nbsp;<\/p>\n<p>Es un di\u00e1logo entre dos mujeres que convocan a sus instrumentos para una conversaci\u00f3n a varias bandas: entre ellas (la inmersi\u00f3n interna), entre ellas (la intimidad), entre lenguajes (en el tr\u00e1nsito entre lo erudito y lo popular), entre ciclos (de lo femenino, de la naturaleza y de la vida). Esta es la esencia de \u00abEntre Luas\u00bb, el \u00e1lbum que la pianista \u00c9rika Ribeiro y la cantante Tatiana Parra acaban de publicar y que est\u00e1 disponible en todas las plataformas.<\/p>\n<p>&nbsp;<\/p>\n<p>El d\u00fao ha dise\u00f1ado un repertorio en el que explora las m\u00fasicas del mundo desde un punto de vista regional. Ambas han reunido sus m\u00faltiples influencias seleccionando 11 canciones con letras y temas instrumentales de compositores de Brasil, Chile, Argentina, Armenia, Polonia, Alemania y Estados Unidos, la mayor\u00eda de ellos mujeres.<\/p>\n<p>&nbsp;<\/p>\n<p>La concepci\u00f3n del d\u00fao parte de la premisa de establecer un di\u00e1logo entre la m\u00fasica sudamericana y otras culturas del mundo, desde una perspectiva femenina y contempor\u00e1nea.<\/p>\n<p>&nbsp;<\/p>\n<p>Contar\u00e1n con la participaci\u00f3n especial de Cecilia de los Santos y Sabrina Diaz Graside, dos j\u00f3venes artistas uruguayas que tienen propuestas autorales que dialogan con la propuesta del D\u00fao Entre Luas.<\/p>\n<p>&nbsp;<\/p>\n<p>Este proyecto ha sido premiado por Iberm\u00fasicas en la l\u00ednea de Ayudas al Sector Musical para la Circulaci\u00f3n, convocatoria 2023.<\/p>\n<p>&nbsp;<\/p>\n<p>&nbsp;<\/p>\n<ul>\n<li>14 de junio, 18h: Master class en el Conservatorio Sur \u00abPiano y Voz, Interpretaci\u00f3n y arreglos en diferentes estilos musicales\u00bb. Conservatorio Sur, Jos\u00e9 Rodo 2074. Montevideu, Uruguay<\/li>\n<\/ul>\n<p>&nbsp;<\/p>\n<ul>\n<li>15 de junio, 20h30: Show \u201cEntre Luas\u201d, Sala Hugo Balzo del Sodre, Montevideo, Uruguay<\/li>\n<\/ul>\n<p>&nbsp;<\/p>\n<ul>\n<li>17 de junio, 18h30: Concierto did\u00e1ctico y Master Class para estudiantes de la carrera de Licenciatura en jazz y m\u00fasica creativa y p\u00fablico interesado. Auditorio de UTEC (Mercedes-Soriano), Mercedes, Uruguay<\/li>\n<\/ul>\n","protected":false},"excerpt":{"rendered":"<p>\u00abEntre Luas\u00bb une a las premiadas artistas \u00c9rika Ribeiro y Tatiana Parra en un espect\u00e1culo que mezcla m\u00fasicas de diferentes vertientes, desde una perspectiva global e inclusiva. &nbsp; El repertorio cuenta con composiciones de Clarice Assad, Lea Freire, Karina Contreras, Olivia Trummer y Zenobia Perry, mujeres de distintas generaciones, pero que han experimentado con sonidos [&hellip;]<\/p>\n","protected":false},"author":7,"featured_media":18874,"comment_status":"closed","ping_status":"closed","sticky":false,"template":"","format":"standard","meta":{"footnotes":""},"categories":[53],"tags":[],"class_list":["post-18873","post","type-post","status-publish","format-standard","has-post-thumbnail","hentry","category-noticias-generales"],"lang":"es","translations":{"es":18873,"pt":18876},"pll_sync_post":[],"post_mailing_queue_ids":[],"_links":{"self":[{"href":"http:\/\/staging.ibermusicas.org\/index.php\/wp-json\/wp\/v2\/posts\/18873","targetHints":{"allow":["GET"]}}],"collection":[{"href":"http:\/\/staging.ibermusicas.org\/index.php\/wp-json\/wp\/v2\/posts"}],"about":[{"href":"http:\/\/staging.ibermusicas.org\/index.php\/wp-json\/wp\/v2\/types\/post"}],"author":[{"embeddable":true,"href":"http:\/\/staging.ibermusicas.org\/index.php\/wp-json\/wp\/v2\/users\/7"}],"replies":[{"embeddable":true,"href":"http:\/\/staging.ibermusicas.org\/index.php\/wp-json\/wp\/v2\/comments?post=18873"}],"version-history":[{"count":1,"href":"http:\/\/staging.ibermusicas.org\/index.php\/wp-json\/wp\/v2\/posts\/18873\/revisions"}],"predecessor-version":[{"id":18875,"href":"http:\/\/staging.ibermusicas.org\/index.php\/wp-json\/wp\/v2\/posts\/18873\/revisions\/18875"}],"wp:featuredmedia":[{"embeddable":true,"href":"http:\/\/staging.ibermusicas.org\/index.php\/wp-json\/wp\/v2\/media\/18874"}],"wp:attachment":[{"href":"http:\/\/staging.ibermusicas.org\/index.php\/wp-json\/wp\/v2\/media?parent=18873"}],"wp:term":[{"taxonomy":"category","embeddable":true,"href":"http:\/\/staging.ibermusicas.org\/index.php\/wp-json\/wp\/v2\/categories?post=18873"},{"taxonomy":"post_tag","embeddable":true,"href":"http:\/\/staging.ibermusicas.org\/index.php\/wp-json\/wp\/v2\/tags?post=18873"}],"curies":[{"name":"wp","href":"https:\/\/api.w.org\/{rel}","templated":true}]}}