{"id":18876,"date":"2024-06-03T18:06:46","date_gmt":"2024-06-03T18:06:46","guid":{"rendered":"http:\/\/staging.ibermusicas.org\/?p=18876"},"modified":"2024-06-27T13:29:00","modified_gmt":"2024-06-27T13:29:00","slug":"o-duo-entre-luas-conformado-por-erika-ribeiro-e-tatiana-parra-leva-a-sua-proposta-de-brasil-para-o-uruguai","status":"publish","type":"post","link":"http:\/\/staging.ibermusicas.org\/index.php\/o-duo-entre-luas-conformado-por-erika-ribeiro-e-tatiana-parra-leva-a-sua-proposta-de-brasil-para-o-uruguai\/","title":{"rendered":"O duo \u00abEntre Luas\u00bb conformado por \u00c9rika Ribeiro e Tatiana Parra leva a sua proposta de Brasil para o Uruguai"},"content":{"rendered":"<p>\u201cEntre Luas\u201d une as premiadas artistas Erika Ribeiro e Tatiana Parra em um show que mistura m\u00fasica de diversas vertentes, sob uma perspectiva global e inclusiva.<\/p>\n<p>&nbsp;<\/p>\n<p>O repert\u00f3rio traz composi\u00e7\u00f5es de Clarice Assad, Lea Freire, Karina Contreras, Olivia Trummer, Zenobia Perry, mulheres de gera\u00e7\u00f5es distintas, por\u00e9m que possuem experimenta\u00e7\u00f5es sonoras conectadas \u00e0s emo\u00e7\u00f5es e ao feminino.<\/p>\n<p>&nbsp;<\/p>\n<p>Isso faz com que este trabalho navegue entre diferentes po\u00e9ticas, contemplando uma vis\u00e3o musical que acredita no poder da delicadeza, do sil\u00eancio e da reflex\u00e3o como guias nos labirintos do contempor\u00e2neo, tendo a Am\u00e9rica do Sul como ponto de partida.<\/p>\n<p>&nbsp;<\/p>\n<p>Al\u00e9m de resgatar a obra de mulheres compositoras trazendo-as \u00e0 luz em seu repert\u00f3rio, neste trabalho Erika Ribeiro e Tatiana Parra ampliam o conceito de int\u00e9rpretes trazendo composi\u00e7\u00f5es pr\u00f3prias, e concebendo seus pr\u00f3prios arranjos e transcri\u00e7\u00f5es.<\/p>\n<p>&nbsp;<\/p>\n<p>Um di\u00e1logo entre duas mulheres que convocam seus instrumentos para uma conversa que se estabelece em m\u00faltiplas camadas: entre si mesmas (o mergulho interno), entre elas (a intimidade), entre linguagens (no tr\u00e2nsito entre o erudito e o popular), entre ciclos (do feminino, da natureza e da vida). Essa \u00e9 a ess\u00eancia de \u201cEntre Luas\u201d, \u00e1lbum que a pianista \u00c9rika Ribeiro e a cantora Tatiana Parra acabam de lan\u00e7ar e se encontra dispon\u00edvel em todas as plataformas.<\/p>\n<p>&nbsp;<\/p>\n<p>A dupla desenhou um repert\u00f3rio no qual passeiam pela m\u00fasica do mundo a partir de um ponto de vista regional. As duas uniram suas m\u00faltiplas influ\u00eancias selecionando 11 can\u00e7\u00f5es com letra e temas instrumentais de compositores do Brasil, Chile, Argentina, Arm\u00eania, Pol\u00f4nia, Alemanha e Estados Unidos, a maioria de mulheres.<\/p>\n<p>&nbsp;<\/p>\n<p>A concep\u00e7\u00e3o do duo se fundamenta na premissa de se estabelecer um di\u00e1logo entre a m\u00fasica sul-americana e outras culturas do mundo, a partir de um olhar feminino e contempor\u00e2neo.<\/p>\n<p>&nbsp;<\/p>\n<p>V\u00e3o contar com a participa\u00e7\u00e3o especial de Cecilia de los Santos e Sabrina Diaz Graside, duas jovens artistas uruguaias que possuem propostas autorais que dialogam com a proposta do Duo Entre Luas<\/p>\n<p>&nbsp;<\/p>\n<p>Este projeto foi premiado pelo Programa Iberm\u00fasicas na linha de Ajudas ao Sector Musical para a Circula\u00e7\u00e3o, convocat\u00f3ria 2023.<\/p>\n<p>&nbsp;<\/p>\n<p>&nbsp;<\/p>\n<ul>\n<li>14 de junho, 18h: Master class en el Conservatorio Sur \u201cPiano e Voz, Interpreta\u00e7\u00e3o e arranjos em diferentes estilos musicais\u201d. Conservatorio Sur, Jos\u00e9 Rodo 2074. Montevid\u00e9u, Uruguai<\/li>\n<\/ul>\n<p>&nbsp;<\/p>\n<ul>\n<li>15 de junho, 20h30: Show \u201cEntre Luas\u201d, Sala Hugo Balzo del Sodre, Montevid\u00e9u, Uruguai<\/li>\n<\/ul>\n<p>&nbsp;<\/p>\n<ul>\n<li>17 de junho, 18h30: Concerto did\u00e1tico e Master Class para os alunos da licenciatura em jazz e m\u00fasica criativa e p\u00fablico interessado. Auditorio de UTEC (Mercedes-Soriano), Mercedes, Uruguai<\/li>\n<\/ul>\n","protected":false},"excerpt":{"rendered":"<p>\u201cEntre Luas\u201d une as premiadas artistas Erika Ribeiro e Tatiana Parra em um show que mistura m\u00fasica de diversas vertentes, sob uma perspectiva global e inclusiva. &nbsp; O repert\u00f3rio traz composi\u00e7\u00f5es de Clarice Assad, Lea Freire, Karina Contreras, Olivia Trummer, Zenobia Perry, mulheres de gera\u00e7\u00f5es distintas, por\u00e9m que possuem experimenta\u00e7\u00f5es sonoras conectadas \u00e0s emo\u00e7\u00f5es e [&hellip;]<\/p>\n","protected":false},"author":7,"featured_media":18874,"comment_status":"closed","ping_status":"closed","sticky":false,"template":"","format":"standard","meta":{"footnotes":""},"categories":[218],"tags":[],"class_list":["post-18876","post","type-post","status-publish","format-standard","has-post-thumbnail","hentry","category-noticias-generales-pt"],"lang":"pt","translations":{"pt":18876,"es":18873},"pll_sync_post":[],"post_mailing_queue_ids":[],"_links":{"self":[{"href":"http:\/\/staging.ibermusicas.org\/index.php\/wp-json\/wp\/v2\/posts\/18876","targetHints":{"allow":["GET"]}}],"collection":[{"href":"http:\/\/staging.ibermusicas.org\/index.php\/wp-json\/wp\/v2\/posts"}],"about":[{"href":"http:\/\/staging.ibermusicas.org\/index.php\/wp-json\/wp\/v2\/types\/post"}],"author":[{"embeddable":true,"href":"http:\/\/staging.ibermusicas.org\/index.php\/wp-json\/wp\/v2\/users\/7"}],"replies":[{"embeddable":true,"href":"http:\/\/staging.ibermusicas.org\/index.php\/wp-json\/wp\/v2\/comments?post=18876"}],"version-history":[{"count":1,"href":"http:\/\/staging.ibermusicas.org\/index.php\/wp-json\/wp\/v2\/posts\/18876\/revisions"}],"predecessor-version":[{"id":18877,"href":"http:\/\/staging.ibermusicas.org\/index.php\/wp-json\/wp\/v2\/posts\/18876\/revisions\/18877"}],"wp:featuredmedia":[{"embeddable":true,"href":"http:\/\/staging.ibermusicas.org\/index.php\/wp-json\/wp\/v2\/media\/18874"}],"wp:attachment":[{"href":"http:\/\/staging.ibermusicas.org\/index.php\/wp-json\/wp\/v2\/media?parent=18876"}],"wp:term":[{"taxonomy":"category","embeddable":true,"href":"http:\/\/staging.ibermusicas.org\/index.php\/wp-json\/wp\/v2\/categories?post=18876"},{"taxonomy":"post_tag","embeddable":true,"href":"http:\/\/staging.ibermusicas.org\/index.php\/wp-json\/wp\/v2\/tags?post=18876"}],"curies":[{"name":"wp","href":"https:\/\/api.w.org\/{rel}","templated":true}]}}