{"id":18878,"date":"2024-06-03T18:08:48","date_gmt":"2024-06-03T18:08:48","guid":{"rendered":"http:\/\/staging.ibermusicas.org\/?p=18878"},"modified":"2024-06-27T13:15:58","modified_gmt":"2024-06-27T13:15:58","slug":"el-bach-collegium-de-asuncion-del-paraguay-participara-por-segunda-vez-en-el-celebre-bachfest-de-leipzig-alemania","status":"publish","type":"post","link":"http:\/\/staging.ibermusicas.org\/index.php\/el-bach-collegium-de-asuncion-del-paraguay-participara-por-segunda-vez-en-el-celebre-bachfest-de-leipzig-alemania\/","title":{"rendered":"El Bach Collegium de Asunci\u00f3n del Paraguay participar\u00e1 por segunda vez en el c\u00e9lebre Bachfest de Leipzig, Alemania"},"content":{"rendered":"<p>El Bach Collegium de Asunci\u00f3n, ensamble vocal-instrumental de la Sociedad Bach del Paraguay, ha sido invitado a participar por segunda vez en el c\u00e9lebre BachFest de Leipzig, Alemania, el m\u00e1s grande festival internacional dedicado a la m\u00fasica de Johann Sebastian Bach, que se realizar\u00e1 en Leipzig en junio de 2024.<\/p>\n<p>&nbsp;<\/p>\n<p>La agrupaci\u00f3n paraguaya, dirigida por su fundador, el Maestro Diego S\u00e1nchez Haase, ofrecer\u00e1 en esta ocasi\u00f3n tres conciertos. Adem\u00e1s, el ensamble paraguayo asistir\u00e1 a la proyecci\u00f3n del documental Living Bach, que tiene como uno de sus protagonistas a la Sociedad Bach del Paraguay y al tenor del Bach Collegium de Asunci\u00f3n, David Portillo.<\/p>\n<p>&nbsp;<\/p>\n<p>En el marco del BachFest de Leipzig se escuchar\u00e1 por primera vez una pieza cantada en guaran\u00ed, idioma que junto al castellano es idioma oficial del Paraguay. Para tal efecto, el maestro Diego S\u00e1nchez Haase ha compuesto el motete \u201cKirito ra\u00b4ar\u00f3vo\u201d (Esperando a Cristo), para coro a cappella, con textos del escritor paraguayo Javier Viveros. La pieza expresa la esperanza del ser humano en la venida de Cristo y utiliza un lenguaje musical contempor\u00e1neo con algunas t\u00e9cnicas extendidas en el canto.<\/p>\n<p>&nbsp;<\/p>\n<p>Este proyecto ha sido ganador de las convocatorias de Iberm\u00fasicas 2023 en la l\u00ednea de Ayudas al Sector Musical para la Circulaci\u00f3n.<\/p>\n<p>&nbsp;<\/p>\n<p>&nbsp;<\/p>\n<ul>\n<li>S\u00e1bado 8 de junio 19h30: Concierto BachModal, junto a la LeipJAZZig Orkester, y el pianista alem\u00e1n Stephan K\u00f6nig, interpretando corales de Bach arreglados en estilo jazz\u00edstico en la Markplatz de Leipzig, Alemania<\/li>\n<\/ul>\n<p>&nbsp;<\/p>\n<ul>\n<li>Lunes 10 de junio, a las 20h: Proyecci\u00f3n del documental Living Bach en el Cinestar, de Leipzig, Alemania<\/li>\n<\/ul>\n<p>&nbsp;<\/p>\n<ul>\n<li>Martes 11 de junio, a las 09h30: Concierto con las cantatas BWV 98 y BWV 108, de Johann Sebastian Bach y estreno mundial del motete a cappella en guaran\u00ed \u201cKirito ra\u00b4\u00e4r\u00f3vo\u201d (Esperando a Cristo) de Diego S\u00e1nchez Haase y Javier Viveros en la St. Pauli Universit\u00e4tskirche de Leipzig, Alemania<\/li>\n<\/ul>\n<p>&nbsp;<\/p>\n<ul>\n<li>Mi\u00e9rcoles 12 de junio, 12h: Concierto en la Hauptbahnhof de Leizpig, en el marco del evento denominado \u201cM\u00fasica para la paz\u201d, interpretando obras de J.S. Bach y m\u00fasica de compositores paraguayos.<\/li>\n<\/ul>\n","protected":false},"excerpt":{"rendered":"<p>El Bach Collegium de Asunci\u00f3n, ensamble vocal-instrumental de la Sociedad Bach del Paraguay, ha sido invitado a participar por segunda vez en el c\u00e9lebre BachFest de Leipzig, Alemania, el m\u00e1s grande festival internacional dedicado a la m\u00fasica de Johann Sebastian Bach, que se realizar\u00e1 en Leipzig en junio de 2024. &nbsp; La agrupaci\u00f3n paraguaya, dirigida [&hellip;]<\/p>\n","protected":false},"author":7,"featured_media":18879,"comment_status":"closed","ping_status":"closed","sticky":false,"template":"","format":"standard","meta":{"footnotes":""},"categories":[53],"tags":[],"class_list":["post-18878","post","type-post","status-publish","format-standard","has-post-thumbnail","hentry","category-noticias-generales"],"lang":"es","translations":{"es":18878,"pt":18881},"pll_sync_post":[],"post_mailing_queue_ids":[],"_links":{"self":[{"href":"http:\/\/staging.ibermusicas.org\/index.php\/wp-json\/wp\/v2\/posts\/18878","targetHints":{"allow":["GET"]}}],"collection":[{"href":"http:\/\/staging.ibermusicas.org\/index.php\/wp-json\/wp\/v2\/posts"}],"about":[{"href":"http:\/\/staging.ibermusicas.org\/index.php\/wp-json\/wp\/v2\/types\/post"}],"author":[{"embeddable":true,"href":"http:\/\/staging.ibermusicas.org\/index.php\/wp-json\/wp\/v2\/users\/7"}],"replies":[{"embeddable":true,"href":"http:\/\/staging.ibermusicas.org\/index.php\/wp-json\/wp\/v2\/comments?post=18878"}],"version-history":[{"count":1,"href":"http:\/\/staging.ibermusicas.org\/index.php\/wp-json\/wp\/v2\/posts\/18878\/revisions"}],"predecessor-version":[{"id":18880,"href":"http:\/\/staging.ibermusicas.org\/index.php\/wp-json\/wp\/v2\/posts\/18878\/revisions\/18880"}],"wp:featuredmedia":[{"embeddable":true,"href":"http:\/\/staging.ibermusicas.org\/index.php\/wp-json\/wp\/v2\/media\/18879"}],"wp:attachment":[{"href":"http:\/\/staging.ibermusicas.org\/index.php\/wp-json\/wp\/v2\/media?parent=18878"}],"wp:term":[{"taxonomy":"category","embeddable":true,"href":"http:\/\/staging.ibermusicas.org\/index.php\/wp-json\/wp\/v2\/categories?post=18878"},{"taxonomy":"post_tag","embeddable":true,"href":"http:\/\/staging.ibermusicas.org\/index.php\/wp-json\/wp\/v2\/tags?post=18878"}],"curies":[{"name":"wp","href":"https:\/\/api.w.org\/{rel}","templated":true}]}}