{"id":18883,"date":"2024-06-03T18:12:06","date_gmt":"2024-06-03T18:12:06","guid":{"rendered":"http:\/\/staging.ibermusicas.org\/?p=18883"},"modified":"2024-06-03T18:12:06","modified_gmt":"2024-06-03T18:12:06","slug":"el-grupo-brasileno-mandale-mecha-actuara-en-escenarios-de-espana-francia-alemania-y-los-paises-bajos","status":"publish","type":"post","link":"http:\/\/staging.ibermusicas.org\/index.php\/el-grupo-brasileno-mandale-mecha-actuara-en-escenarios-de-espana-francia-alemania-y-los-paises-bajos\/","title":{"rendered":"El grupo brasile\u00f1o \u00abMandale Mecha\u00bb actuar\u00e1 en escenarios de Espa\u00f1a, Francia, Alemania y los Pa\u00edses Bajos"},"content":{"rendered":"<p>Tras el \u00e9xito de su primera gira europea en 2022, el grupo brasile\u00f1o-argentino Mandale Mecha regresa a Europa para realizar una gira especial con motivo de su quinto aniversario. El proyecto tiene cuatro ejes: difusi\u00f3n, grabaci\u00f3n, encuentros pedag\u00f3gicos y lanzamiento de un v\u00eddeo making-of. La gira incluir\u00e1 actuaciones en Espa\u00f1a, Francia, Alemania y Pa\u00edses Bajos.<\/p>\n<p>&nbsp;<\/p>\n<p>Tambi\u00e9n producir\u00e1n nuevos temas y realizar\u00e1n lanzamientos en colaboraci\u00f3n con la banda Eyes Shaker de Francia. La banda tambi\u00e9n impartir\u00e1 talleres gratuitos de producci\u00f3n musical. Todo el material audiovisual y fotogr\u00e1fico producido durante la gira y en los talleres permitir\u00e1 la creaci\u00f3n de un video Making Of, que ser\u00e1 publicado en el canal YouTube de Mandale Mecha, acercando la riqueza de cada intercambio a su p\u00fablico.<\/p>\n<p>&nbsp;<\/p>\n<p>Con un repertorio enriquecido por letras en portugu\u00e9s, espa\u00f1ol e ingl\u00e9s, Mandale Mecha presenta una propuesta musical verdaderamente multicultural y contempor\u00e1nea. Mandale Mecha naci\u00f3 en 2019 en Florian\u00f3polis\/SC. Sus miembros son m\u00fasicos activos en la escena brasile\u00f1a desde hace m\u00e1s de 10 a\u00f1os: liderados por la frontwoman argentina Michu M\u00e9ndez (de Petit Mort en Buenos Aires, residente en Florian\u00f3polis\/SC) en la voz, Chico Abreu (de la banda Skrotes en Florian\u00f3polis\/SC) en el bajo y sintetizador, y Gustavo Koshikumo (de Ekena en S\u00e3o Carlos\/SP) en la guitarra y la computadora. En asociaci\u00f3n con el sello espa\u00f1ol Raso Est\u00fadio y la distribuidora Altafonte Espa\u00f1a, el grupo ha lanzado m\u00e1s de 40 canciones durante la pandemia, en 3 \u00e1lbumes: \u00abFicken und kiffen\u00bb (2020), \u00abMaracuy\u00e1 azedo\u00bb y \u00abMaracuy\u00e1 doce\u00bb (2022), una serie de singles en 2021 y 5 feats\/colaboraciones. La banda ha superado los dos millones de streams en Spotify, una de las principales plataformas digitales. Destacan el poderoso himno feminista latinoamericano \u00abEl Sol\u00bb, con el grupo Mulamba de Curitiba, y el sensual \u00abD\u00eda de Suerte\u00bb.<\/p>\n<p>&nbsp;<\/p>\n<p>Mandale Mecha se propone ofrecer una experiencia en directo que trasciende fronteras y g\u00e9neros, con todos sus \u00e9xitos y mucha energ\u00eda contagiosa, invitando al p\u00fablico a bailar, saltar e involucrarse en la explosi\u00f3n de sonido con la cautivadora presencia esc\u00e9nica de Michu, con el fin de proporcionar una experiencia \u00fanica y memorable a su p\u00fablico. Cada espect\u00e1culo es un aut\u00e9ntico crisol de influencias que van desde la new wave tropical al contagioso pop latino, pasando por la electrizante m\u00fasica electr\u00f3nica, la sensualidad del jazz y la actitud combativa del hip hop y el rock.<\/p>\n<p>&nbsp;<\/p>\n<p>Este proyecto ha sido ganador de las convocatorias de Iberm\u00fasicas 2023 en la l\u00ednea de Ayudas al Sector Musical para la Circulaci\u00f3n.<\/p>\n<p>&nbsp;<\/p>\n<ul>\n<li>14 de junio, 20.00 h, Festival Sound Isidro, Sala Cop\u00e9rnico, Calle de Fern\u00e1ndez de los R\u00edos, 67, Madrid, Espa\u00f1a<\/li>\n<li>16 de junio, inauguraci\u00f3n de El Solendo, 560 Av. de la Plage, Biscarrosse, Francia<\/li>\n<li>18 de Junho, Le Trianon, Marmande, Francia<\/li>\n<li>19 de junio, Le Biotilus, 15 Rue Toupinerie, Marmande, Francia<\/li>\n<li>21 de junio, 18.00 h, Festival de m\u00fasica de Poussignac, Poussignac, Francia<\/li>\n<li>22 de junio, Fiesta de la M\u00fasica Brin de Zinc, 3 ZA Route de la Peysse, Barberaz, Chamb\u00e9ry, Francia<\/li>\n<li>29 de junio, 19:30 h, Themenwochenenden Antifa in Stuttgart, Gasparischt, Rotenbergstr. 125 , Stuttgart, Alemania<\/li>\n<li>30 de junio, 13.30 h, Festival Lunaris, Cervens, Francia<\/li>\n<li>3 de julio, 19.00 horas, Mandale Mecha Acoustic en el Hard Rock Caf\u00e9 de Berl\u00edn, Kurf\u00fcrstendamm 224, Berl\u00edn, Alemania<\/li>\n<li>4 de julio, Mandale Mecha en Scheune, Alaunstr. 36 &#8211; 40 &#8211; Dresde, Alemania<\/li>\n<li>5 de julio, 21:00 h, Mandale Mecha en el Caf\u00e9 648, 72 route de Peillonnex, Marcellaz, Francia<\/li>\n<li>6 de julio, Kipepeo Summer Fest, Friedrich-Scholer-Stra\u00dfe 13\/4, Stuttgart, Alemania<\/li>\n<li>10 de julio, WTF Queer Party, Vrankrijk, Spuistraat 216, Amsterdam, Pa\u00edses Bajos<\/li>\n<li>12 de julio, Mandale Mecha en Musicon, Soestdijksekade 345, 2574 AL, Den Haag, Pa\u00edses Bajos<\/li>\n<li>18 de julio, Ciclo Mazo, 20h30, Sala El Intruso, Calle de Augusto Figueroa, 3, Madrid, Espa\u00f1a<\/li>\n<li>19 de julio, Atardecer no Gai\u00e1s, Fund. Cidade da Cultura de Galicia Monte Gai\u00e1s s\/n 15707, Santiago de Compostela, Espa\u00f1a<\/li>\n<\/ul>\n","protected":false},"excerpt":{"rendered":"<p>Tras el \u00e9xito de su primera gira europea en 2022, el grupo brasile\u00f1o-argentino Mandale Mecha regresa a Europa para realizar una gira especial con motivo de su quinto aniversario. El proyecto tiene cuatro ejes: difusi\u00f3n, grabaci\u00f3n, encuentros pedag\u00f3gicos y lanzamiento de un v\u00eddeo making-of. La gira incluir\u00e1 actuaciones en Espa\u00f1a, Francia, Alemania y Pa\u00edses Bajos. [&hellip;]<\/p>\n","protected":false},"author":7,"featured_media":18884,"comment_status":"closed","ping_status":"closed","sticky":false,"template":"","format":"standard","meta":{"footnotes":""},"categories":[53],"tags":[],"class_list":["post-18883","post","type-post","status-publish","format-standard","has-post-thumbnail","hentry","category-noticias-generales"],"lang":"es","translations":{"es":18883,"pt":18886},"pll_sync_post":[],"post_mailing_queue_ids":[],"_links":{"self":[{"href":"http:\/\/staging.ibermusicas.org\/index.php\/wp-json\/wp\/v2\/posts\/18883","targetHints":{"allow":["GET"]}}],"collection":[{"href":"http:\/\/staging.ibermusicas.org\/index.php\/wp-json\/wp\/v2\/posts"}],"about":[{"href":"http:\/\/staging.ibermusicas.org\/index.php\/wp-json\/wp\/v2\/types\/post"}],"author":[{"embeddable":true,"href":"http:\/\/staging.ibermusicas.org\/index.php\/wp-json\/wp\/v2\/users\/7"}],"replies":[{"embeddable":true,"href":"http:\/\/staging.ibermusicas.org\/index.php\/wp-json\/wp\/v2\/comments?post=18883"}],"version-history":[{"count":1,"href":"http:\/\/staging.ibermusicas.org\/index.php\/wp-json\/wp\/v2\/posts\/18883\/revisions"}],"predecessor-version":[{"id":18885,"href":"http:\/\/staging.ibermusicas.org\/index.php\/wp-json\/wp\/v2\/posts\/18883\/revisions\/18885"}],"wp:featuredmedia":[{"embeddable":true,"href":"http:\/\/staging.ibermusicas.org\/index.php\/wp-json\/wp\/v2\/media\/18884"}],"wp:attachment":[{"href":"http:\/\/staging.ibermusicas.org\/index.php\/wp-json\/wp\/v2\/media?parent=18883"}],"wp:term":[{"taxonomy":"category","embeddable":true,"href":"http:\/\/staging.ibermusicas.org\/index.php\/wp-json\/wp\/v2\/categories?post=18883"},{"taxonomy":"post_tag","embeddable":true,"href":"http:\/\/staging.ibermusicas.org\/index.php\/wp-json\/wp\/v2\/tags?post=18883"}],"curies":[{"name":"wp","href":"https:\/\/api.w.org\/{rel}","templated":true}]}}