{"id":18886,"date":"2024-06-03T18:13:40","date_gmt":"2024-06-03T18:13:40","guid":{"rendered":"http:\/\/staging.ibermusicas.org\/?p=18886"},"modified":"2024-06-03T18:13:40","modified_gmt":"2024-06-03T18:13:40","slug":"a-agrupacao-brasileira-mandale-mecha-vai-apresentar-se-em-palcos-de-espanha-franca-alemanha-e-holanda","status":"publish","type":"post","link":"http:\/\/staging.ibermusicas.org\/index.php\/a-agrupacao-brasileira-mandale-mecha-vai-apresentar-se-em-palcos-de-espanha-franca-alemanha-e-holanda\/","title":{"rendered":"A agrupa\u00e7\u00e3o brasileira \u201cMandale Mecha\u201d vai apresentar se em palcos de Espanha, Fran\u00e7a, Alemanha e Holanda"},"content":{"rendered":"<p>Ap\u00f3s o sucesso da sua primeira turn\u00ea europeia em 2022, a banda brasileira &#8211; argentina Mandale Mecha, volta para Europa para realizar uma turn\u00ea especial em comemora\u00e7\u00e3o aos seus cinco anos. O projeto tem quatro eixos: circula\u00e7\u00e3o, grava\u00e7\u00e3o, encontros educativos e o lan\u00e7amento de um v\u00eddeo making of. A turn\u00ea contar\u00e1 com shows em Espanha, Fran\u00e7a,\u00a0 Alemanha e Holanda.<\/p>\n<p>&nbsp;<\/p>\n<p>Tamb\u00e9m v\u00e3o produzir m\u00fasicas e realizar lan\u00e7amentos em colabora\u00e7\u00e3o com a banda Eyes Shaker da Fran\u00e7a. A banda tamb\u00e9m vai realizar oficinas gratuitas de produ\u00e7\u00e3o musical. Todo o material audiovisual e fotogr\u00e1fico produzido durante a turn\u00ea e nas oficinas, vai permitir a cria\u00e7\u00e3o de um v\u00eddeo Making Of, que ser\u00e1 lan\u00e7ado no canal de Youtube de Mandale Mecha aproximando ao seu p\u00fablico a riqueza de cada interc\u00e2mbio.<\/p>\n<p>&nbsp;<\/p>\n<p>Com um repert\u00f3rio enriquecido por letras que se desdobram nos idiomas portugu\u00eas, espanhol e ingl\u00eas, Mandale Mecha apresenta uma proposta musical verdadeiramente multicultural e contempor\u00e2nea. Mandale Mecha nasceu em 2019, em Florian\u00f3polis\/SC. Seus integrantes s\u00e3o m\u00fasicos atuantes na cena brasileira h\u00e1 mais de 10 anos: liderada pela frontwoman argentina Michu M\u00e9ndez (da Petit Mort de Buenos Aires, residente em Florian\u00f3polis\/SC) no vocal, Chico Abreu (da banda Skrotes de Florian\u00f3polis\/SC) no baixo e synth bass, e Gustavo Koshikumo (de Ekena de S\u00e3o Carlos\/SP) na guitarra e computador. Em parceria com o selo espanhol Raso Est\u00fadio e a distribuidora Altafonte Espanha, o grupo j\u00e1 lan\u00e7ou mais de 40 m\u00fasicas durante a pandemia, em 3 \u00e1lbuns: \u00abFicken und kiffen\u00bb (2020), \u00abMaracuy\u00e1 azedo\u00bb e \u00abMaracuy\u00e1 doce\u00bb (2022), uma s\u00e9rie de singles em 2021 e 5 feats\/colabora\u00e7\u00f5es . A banda ultrapassou dois milh\u00f5es de streams no Spotify, uma das principais plataformas digitais. Se destacam o poderoso hino feminista latinoamericano \u00abEl Sol\u00bb, com participa\u00e7\u00e3o do grupo Mulamba de Curitiba, e o sensual \u00abD\u00eda de Suerte\u00bb.<\/p>\n<p>&nbsp;<\/p>\n<p>Mandale Mecha se prop\u00f5e a entregar a cada show uma experi\u00eancia ao vivo que transcende fronteiras e g\u00eaneros, com todos seus hits e muita energia contagiante, convidando o p\u00fablico a dan\u00e7ar, pular e a se deixar envolver pela explos\u00e3o sonora com a cativante presen\u00e7a de palco da argentina Michu, de forma a proporcionar uma experi\u00eancia \u00fanica e memor\u00e1vel para o seu p\u00fablico. Cada espet\u00e1culo \u00e9 um aut\u00eantico caldeir\u00e3o de influ\u00eancias que v\u00e3o desde a tropical new wave ao contagiante pop latino, passando pela eletrizante m\u00fasica eletr\u00f4nica, a sensualidade do jazz, e a atitude combativa do hip hop e rock.<\/p>\n<p>&nbsp;<\/p>\n<p>Este projeto foi premiado pelo Programa Iberm\u00fasicas na linha de Ajudas ao Sector Musical para a Circula\u00e7\u00e3o, convocat\u00f3ria 2023.<\/p>\n<p>&nbsp;<\/p>\n<p>&nbsp;<\/p>\n<ul>\n<li>14 de junho, 20h, Festival Sound Isidro, Sala Cop\u00e9rnico, Calle de Fern\u00e1ndez de los R\u00edos, 67, Madrid, Espanha<\/li>\n<li>16 de junho, Inaugura\u00e7\u00e3o do El Solendo, 560 Av. de la Plage, Biscarrosse, Fran\u00e7a<\/li>\n<li>18 de junho, Le Trianon, Marmande, Fran\u00e7a<\/li>\n<li>19 de junho, Le Biotilus, 15 Rue Toupinerie, Marmande, Fran\u00e7a<\/li>\n<li>21 de junho, 18h, F\u00eate de la Musique Poussignac, Poussignac, Fran\u00e7a<\/li>\n<li>22 de junho, F\u00eate de la Musique Brin de Zinc, 3 ZA Route de la Peysse, Barberaz, Chamb\u00e9ry, Fran\u00e7a<\/li>\n<li>29 de junho, 19h30, Themenwochenenden Antifa in Stuttgart, Gasparischt, Rotenbergstr. 125 , Stuttgart, Alemanha<\/li>\n<li>30 de junho, 13h30, Festival Lunaris, Cervens, Fran\u00e7a<\/li>\n<li>3 de julho, 19h, Mandale Mecha Ac\u00fastico no Hard Rock Caf\u00e9 Berlin, Kurf\u00fcrstendamm 224, Berlin, Alemanha<\/li>\n<li>4 de julho, Mandale Mecha no Scheune, Alaunstr. 36 &#8211; 40 &#8211; Dresden, Alemanha<\/li>\n<li>5 de julho, 21h, Mandale Mecha no Caf\u00e9 648, 72 route de Peillonnex, Marcellaz, Fran\u00e7a<\/li>\n<li>6 de julho, Kipepeo Summer Fest, Friedrich-Scholer-Stra\u00dfe 13\/4, Stuttgart, Alemanha<\/li>\n<li>10 de julho, WTF Queer Party, Vrankrijk, Spuistraat 216, Amsterdam, Holanda<\/li>\n<li>12 de julio, Mandale Mecha no Musicon, Soestdijksekade 345, 2574 AL, Den Haag, Holanda<\/li>\n<li>18 de julho, Ciclo Mazo, 20h30, Sala El Intruso, Calle de Augusto Figueroa, 3, Madrid, Espanha<\/li>\n<li>19 de julho, Atardecer no Gai\u00e1s, Fund. Cidade da Cultura de Galicia Monte Gai\u00e1s s\/n 15707, Santiago de Compostela, Espanha<\/li>\n<\/ul>\n","protected":false},"excerpt":{"rendered":"<p>Ap\u00f3s o sucesso da sua primeira turn\u00ea europeia em 2022, a banda brasileira &#8211; argentina Mandale Mecha, volta para Europa para realizar uma turn\u00ea especial em comemora\u00e7\u00e3o aos seus cinco anos. O projeto tem quatro eixos: circula\u00e7\u00e3o, grava\u00e7\u00e3o, encontros educativos e o lan\u00e7amento de um v\u00eddeo making of. A turn\u00ea contar\u00e1 com shows em Espanha, [&hellip;]<\/p>\n","protected":false},"author":7,"featured_media":18884,"comment_status":"closed","ping_status":"closed","sticky":false,"template":"","format":"standard","meta":{"footnotes":""},"categories":[218],"tags":[],"class_list":["post-18886","post","type-post","status-publish","format-standard","has-post-thumbnail","hentry","category-noticias-generales-pt"],"lang":"pt","translations":{"pt":18886,"es":18883},"pll_sync_post":[],"post_mailing_queue_ids":[],"_links":{"self":[{"href":"http:\/\/staging.ibermusicas.org\/index.php\/wp-json\/wp\/v2\/posts\/18886","targetHints":{"allow":["GET"]}}],"collection":[{"href":"http:\/\/staging.ibermusicas.org\/index.php\/wp-json\/wp\/v2\/posts"}],"about":[{"href":"http:\/\/staging.ibermusicas.org\/index.php\/wp-json\/wp\/v2\/types\/post"}],"author":[{"embeddable":true,"href":"http:\/\/staging.ibermusicas.org\/index.php\/wp-json\/wp\/v2\/users\/7"}],"replies":[{"embeddable":true,"href":"http:\/\/staging.ibermusicas.org\/index.php\/wp-json\/wp\/v2\/comments?post=18886"}],"version-history":[{"count":1,"href":"http:\/\/staging.ibermusicas.org\/index.php\/wp-json\/wp\/v2\/posts\/18886\/revisions"}],"predecessor-version":[{"id":18887,"href":"http:\/\/staging.ibermusicas.org\/index.php\/wp-json\/wp\/v2\/posts\/18886\/revisions\/18887"}],"wp:featuredmedia":[{"embeddable":true,"href":"http:\/\/staging.ibermusicas.org\/index.php\/wp-json\/wp\/v2\/media\/18884"}],"wp:attachment":[{"href":"http:\/\/staging.ibermusicas.org\/index.php\/wp-json\/wp\/v2\/media?parent=18886"}],"wp:term":[{"taxonomy":"category","embeddable":true,"href":"http:\/\/staging.ibermusicas.org\/index.php\/wp-json\/wp\/v2\/categories?post=18886"},{"taxonomy":"post_tag","embeddable":true,"href":"http:\/\/staging.ibermusicas.org\/index.php\/wp-json\/wp\/v2\/tags?post=18886"}],"curies":[{"name":"wp","href":"https:\/\/api.w.org\/{rel}","templated":true}]}}