{"id":18888,"date":"2024-06-03T18:16:39","date_gmt":"2024-06-03T18:16:39","guid":{"rendered":"http:\/\/staging.ibermusicas.org\/?p=18888"},"modified":"2024-06-27T13:15:52","modified_gmt":"2024-06-27T13:15:52","slug":"nuevo-podcast-comadreando-sin-fronteras-de-colombia-a-chile-celebra-la-musica-y-el-empoderamiento-femenino","status":"publish","type":"post","link":"http:\/\/staging.ibermusicas.org\/index.php\/nuevo-podcast-comadreando-sin-fronteras-de-colombia-a-chile-celebra-la-musica-y-el-empoderamiento-femenino\/","title":{"rendered":"Nuevo podcast \u00abComadreando sin Fronteras: de Colombia a Chile\u00bb celebra la m\u00fasica y el empoderamiento femenino"},"content":{"rendered":"<p>\u00abComadreando sin fronteras: De Colombia a Chile\u00bb se presenta como una nueva y significativa expresi\u00f3n en el panorama musical iberoamericano, donde la m\u00fasica y la igualdad de g\u00e9nero se entrelazan en un espacio de autenticidad y cercan\u00eda.<\/p>\n<p>&nbsp;<\/p>\n<p>Con el respaldo de Iberm\u00fasicas y en colaboraci\u00f3n con la Fundaci\u00f3n Domo Mujeres al Sur, este podcast se propone como una inspiraci\u00f3n para las mujeres a trabajar en red. Dirigido por Mar\u00eda Vanedi, reconocida actriz, m\u00fasica y gestora cultural colombiana, \u00abComadreando sin fronteras\u00bb ofrece una ventana \u00edntima y natural al mundo de la m\u00fasica iberoamericana. Este proyecto amplifica las voces y logros de las mujeres en la m\u00fasica y fomenta la colaboraci\u00f3n en la industria.<\/p>\n<p>&nbsp;<\/p>\n<p>A trav\u00e9s de conversaciones aut\u00e9nticas y cercanas, el podcast invita a escuchar a estas mujeres desde las salas de sus casas, compartiendo experiencias y reflexiones sobre la m\u00fasica, la igualdad de g\u00e9nero y el empoderamiento femenino.<\/p>\n<p>&nbsp;<\/p>\n<p>Con un enfoque c\u00e1lido y genuino, \u00abComadreando sin fronteras\u00bb busca fomentar la colaboraci\u00f3n y la solidaridad entre las mujeres en la industria musical, alent\u00e1ndolas a encontrar juntas formas de hacer su oficio m\u00e1s sostenible y significativo.<\/p>\n<p>&nbsp;<\/p>\n<p>Comadreando sin fronteras cuenta con el apoyo de Iberm\u00fasicas mediante sus Ayudas al Sector Musical en Modalidad Virtual, convocatoria 2023.<\/p>\n<p>&nbsp;<\/p>\n<p>&nbsp;<\/p>\n<p><a href=\"https:\/\/podcasters.spotify.com\/pod\/show\/comadres-musicales\/episodes\/Episodio-1-Tejiendo-redes-musicales-e2jorqm\">https:\/\/podcasters.spotify.com\/pod\/show\/comadres-musicales\/episodes\/Episodio-1-Tejiendo-redes-musicales-e2jorqm<\/a><\/p>\n","protected":false},"excerpt":{"rendered":"<p>\u00abComadreando sin fronteras: De Colombia a Chile\u00bb se presenta como una nueva y significativa expresi\u00f3n en el panorama musical iberoamericano, donde la m\u00fasica y la igualdad de g\u00e9nero se entrelazan en un espacio de autenticidad y cercan\u00eda. &nbsp; Con el respaldo de Iberm\u00fasicas y en colaboraci\u00f3n con la Fundaci\u00f3n Domo Mujeres al Sur, este podcast [&hellip;]<\/p>\n","protected":false},"author":7,"featured_media":18889,"comment_status":"closed","ping_status":"closed","sticky":false,"template":"","format":"standard","meta":{"footnotes":""},"categories":[53],"tags":[],"class_list":["post-18888","post","type-post","status-publish","format-standard","has-post-thumbnail","hentry","category-noticias-generales"],"lang":"es","translations":{"es":18888,"pt":18891},"pll_sync_post":[],"post_mailing_queue_ids":[],"_links":{"self":[{"href":"http:\/\/staging.ibermusicas.org\/index.php\/wp-json\/wp\/v2\/posts\/18888","targetHints":{"allow":["GET"]}}],"collection":[{"href":"http:\/\/staging.ibermusicas.org\/index.php\/wp-json\/wp\/v2\/posts"}],"about":[{"href":"http:\/\/staging.ibermusicas.org\/index.php\/wp-json\/wp\/v2\/types\/post"}],"author":[{"embeddable":true,"href":"http:\/\/staging.ibermusicas.org\/index.php\/wp-json\/wp\/v2\/users\/7"}],"replies":[{"embeddable":true,"href":"http:\/\/staging.ibermusicas.org\/index.php\/wp-json\/wp\/v2\/comments?post=18888"}],"version-history":[{"count":1,"href":"http:\/\/staging.ibermusicas.org\/index.php\/wp-json\/wp\/v2\/posts\/18888\/revisions"}],"predecessor-version":[{"id":18890,"href":"http:\/\/staging.ibermusicas.org\/index.php\/wp-json\/wp\/v2\/posts\/18888\/revisions\/18890"}],"wp:featuredmedia":[{"embeddable":true,"href":"http:\/\/staging.ibermusicas.org\/index.php\/wp-json\/wp\/v2\/media\/18889"}],"wp:attachment":[{"href":"http:\/\/staging.ibermusicas.org\/index.php\/wp-json\/wp\/v2\/media?parent=18888"}],"wp:term":[{"taxonomy":"category","embeddable":true,"href":"http:\/\/staging.ibermusicas.org\/index.php\/wp-json\/wp\/v2\/categories?post=18888"},{"taxonomy":"post_tag","embeddable":true,"href":"http:\/\/staging.ibermusicas.org\/index.php\/wp-json\/wp\/v2\/tags?post=18888"}],"curies":[{"name":"wp","href":"https:\/\/api.w.org\/{rel}","templated":true}]}}