{"id":18891,"date":"2024-06-03T18:18:46","date_gmt":"2024-06-03T18:18:46","guid":{"rendered":"http:\/\/staging.ibermusicas.org\/?p=18891"},"modified":"2024-06-27T13:28:47","modified_gmt":"2024-06-27T13:28:47","slug":"o-novo-podcast-comadreando-sin-fronteras-de-colombia-a-chile-celebra-a-musica-e-o-empoderamento-feminino","status":"publish","type":"post","link":"http:\/\/staging.ibermusicas.org\/index.php\/o-novo-podcast-comadreando-sin-fronteras-de-colombia-a-chile-celebra-a-musica-e-o-empoderamento-feminino\/","title":{"rendered":"O novo podcast \u201cComadreando sin Fronteras: de Colombia a Chile\u201d celebra a m\u00fasica e o empoderamento feminino"},"content":{"rendered":"<p>\u201cComadreando sin fronteras: De Colombia a Chile\u201d apresenta-se como uma nova e significativa express\u00e3o no panorama musical ibero-americano, onde a m\u00fasica e a igualdade de g\u00e9nero se entrela\u00e7am num espa\u00e7o de autenticidade e proximidade.<\/p>\n<p>&nbsp;<\/p>\n<p>Com o apoio do Programa Iberm\u00fasicas e em colabora\u00e7\u00e3o com a Funda\u00e7\u00e3o Domo Mujeres al Sur, este podcast \u00e9 proposto como uma inspira\u00e7\u00e3o para que as mulheres trabalharem em rede. Dirigido por Mar\u00eda Vanedi, reconhecida atriz, musicista e gestora cultural colombiana, \u201cComadreando sin fronteras\u201d oferece uma janela \u00edntima e natural para o mundo da m\u00fasica ibero-americana. Este projeto amplifica as vozes e as realiza\u00e7\u00f5es das mulheres na m\u00fasica e incentiva a colabora\u00e7\u00e3o na ind\u00fastria.<\/p>\n<p>&nbsp;<\/p>\n<p>Atrav\u00e9s de conversas aut\u00eanticas e \u00edntimas, o podcast convida a ouvir estas mulheres a partir das salas de estar das suas casas, partilhando experi\u00eancias e reflex\u00f5es sobre m\u00fasica, igualdade de g\u00e9nero e empoderamento feminino.<\/p>\n<p>&nbsp;<\/p>\n<p>Com uma abordagem calorosa e genu\u00edna, \u201cComadreando sin fronteras\u201d procura fomentar a colabora\u00e7\u00e3o e a solidariedade entre as mulheres da ind\u00fastria musical, encorajando-as a encontrar em conjunto formas de tornar o seu of\u00edcio mais sustent\u00e1vel e significativo.<\/p>\n<p>&nbsp;<\/p>\n<p>\u201cComadreando sin fronteras\u201d \u00e9 apoiado pelo Programa Iberm\u00fasicas atrav\u00e9s das suas Ajudas ao Sector Musical em Modalidade Virtual, convite \u00e0 apresenta\u00e7\u00e3o de propostas 2023.<\/p>\n<p>&nbsp;<\/p>\n<p><a href=\"https:\/\/podcasters.spotify.com\/pod\/show\/comadres-musicales\/episodes\/Episodio-1-Tejiendo-redes-musicales-e2jorqm\">https:\/\/podcasters.spotify.com\/pod\/show\/comadres-musicales\/episodes\/Episodio-1-Tejiendo-redes-musicales-e2jorqm<\/a><\/p>\n","protected":false},"excerpt":{"rendered":"<p>\u201cComadreando sin fronteras: De Colombia a Chile\u201d apresenta-se como uma nova e significativa express\u00e3o no panorama musical ibero-americano, onde a m\u00fasica e a igualdade de g\u00e9nero se entrela\u00e7am num espa\u00e7o de autenticidade e proximidade. &nbsp; Com o apoio do Programa Iberm\u00fasicas e em colabora\u00e7\u00e3o com a Funda\u00e7\u00e3o Domo Mujeres al Sur, este podcast \u00e9 proposto [&hellip;]<\/p>\n","protected":false},"author":7,"featured_media":18889,"comment_status":"closed","ping_status":"closed","sticky":false,"template":"","format":"standard","meta":{"footnotes":""},"categories":[218],"tags":[],"class_list":["post-18891","post","type-post","status-publish","format-standard","has-post-thumbnail","hentry","category-noticias-generales-pt"],"lang":"pt","translations":{"pt":18891,"es":18888},"pll_sync_post":[],"post_mailing_queue_ids":[],"_links":{"self":[{"href":"http:\/\/staging.ibermusicas.org\/index.php\/wp-json\/wp\/v2\/posts\/18891","targetHints":{"allow":["GET"]}}],"collection":[{"href":"http:\/\/staging.ibermusicas.org\/index.php\/wp-json\/wp\/v2\/posts"}],"about":[{"href":"http:\/\/staging.ibermusicas.org\/index.php\/wp-json\/wp\/v2\/types\/post"}],"author":[{"embeddable":true,"href":"http:\/\/staging.ibermusicas.org\/index.php\/wp-json\/wp\/v2\/users\/7"}],"replies":[{"embeddable":true,"href":"http:\/\/staging.ibermusicas.org\/index.php\/wp-json\/wp\/v2\/comments?post=18891"}],"version-history":[{"count":1,"href":"http:\/\/staging.ibermusicas.org\/index.php\/wp-json\/wp\/v2\/posts\/18891\/revisions"}],"predecessor-version":[{"id":18892,"href":"http:\/\/staging.ibermusicas.org\/index.php\/wp-json\/wp\/v2\/posts\/18891\/revisions\/18892"}],"wp:featuredmedia":[{"embeddable":true,"href":"http:\/\/staging.ibermusicas.org\/index.php\/wp-json\/wp\/v2\/media\/18889"}],"wp:attachment":[{"href":"http:\/\/staging.ibermusicas.org\/index.php\/wp-json\/wp\/v2\/media?parent=18891"}],"wp:term":[{"taxonomy":"category","embeddable":true,"href":"http:\/\/staging.ibermusicas.org\/index.php\/wp-json\/wp\/v2\/categories?post=18891"},{"taxonomy":"post_tag","embeddable":true,"href":"http:\/\/staging.ibermusicas.org\/index.php\/wp-json\/wp\/v2\/tags?post=18891"}],"curies":[{"name":"wp","href":"https:\/\/api.w.org\/{rel}","templated":true}]}}