{"id":18972,"date":"2024-06-14T19:42:30","date_gmt":"2024-06-14T19:42:30","guid":{"rendered":"http:\/\/staging.ibermusicas.org\/?p=18972"},"modified":"2024-08-01T19:02:48","modified_gmt":"2024-08-01T19:02:48","slug":"ya-estan-habilitados-en-la-web-de-ibermusicas-los-formularios-de-postulacion-para-la-presentacion-de-propuestas-2","status":"publish","type":"post","link":"http:\/\/staging.ibermusicas.org\/index.php\/ya-estan-habilitados-en-la-web-de-ibermusicas-los-formularios-de-postulacion-para-la-presentacion-de-propuestas-2\/","title":{"rendered":"Ya est\u00e1n habilitados en la web de Iberm\u00fasicas los formularios de postulaci\u00f3n para la presentaci\u00f3n de propuestas"},"content":{"rendered":"<p>A partir del s\u00e1bado 15 de junio se encuentran habilitados todos los formularios de postulaci\u00f3n de nuestras Convocatorias y Premios para proyectos a realizarse en 2025.<\/p>\n<p>&nbsp;<\/p>\n<p>El formulario de aplicaci\u00f3n de la convocatoria <strong>Proyecto Especial de sinergia Iberm\u00fasicas-Mid Atlantic Arts, cerrar\u00e1 el 15 de septiembre<\/strong> a las 23:59 de cada pa\u00eds y no se aceptar\u00e1n solicitudes extempor\u00e1neas. Todos los formularios de las convocatorias y premios restantes, cerrar\u00e1n el d\u00eda 1\u00ba de octubre a las 23:59 de cada pa\u00eds y no se aceptar\u00e1n solicitudes extempor\u00e1neas.<\/p>\n<p>&nbsp;<\/p>\n<p>Es importante tener presente que los formularios de aplicaci\u00f3n cuentan con la posibilidad de guardar la informaci\u00f3n que se vaya cargando en formato borrador, lo que facilita el trabajo y permite iniciar la carga del proyecto aunque no se cuente con todos los documentos necesarios. Recomendamos utilizar esta modalidad a fin de familiarizarse con los procesos de candidatura.<\/p>\n<p>&nbsp;<\/p>\n<p>A la vez, se debe tener presente que es muy desaconsejable realizar la postulaci\u00f3n el \u00faltimo d\u00eda, dado que:<\/p>\n<p>&nbsp;<\/p>\n<ul>\n<li>pueden encontrar a \u00faltimo momento alg\u00fan requisito en el cual no hab\u00edan reparado antes y ya no contar con el tiempo suficiente para cumplimentarlo<\/li>\n<li>el tr\u00e1fico de la web puede sufrir complicaciones y presentar dificultades<\/li>\n<\/ul>\n<p>&nbsp;<\/p>\n<p>El personal de la Unidad T\u00e9cnica Iberm\u00fasicas est\u00e1, durante los cuatro meses en los cuales las convocatorias permanecen abiertas, a entera disposici\u00f3n de las y los postulantes a fin de brindarles asesoramiento en la presentaci\u00f3n de los proyectos o de solucionar cualquier problema que pudiera presentarse, sin embargo, deben tener presente que este acompa\u00f1amiento no puede darse sobre los \u00faltimos d\u00edas, al no poder responder a la demanda regional de forma simult\u00e1nea.<\/p>\n<p>&nbsp;<\/p>\n<p>Las y los jurados evaluar\u00e1n a las y los postulantes conforme a la informaci\u00f3n presentada en los perfiles del Cat\u00e1logo del Sector cargados en la web de Iberm\u00fasicas. Recomendamos tener completos y mantener actualizados los perfiles prestando especial atenci\u00f3n al texto descriptivo que resulta de alto valor para el jurado, dado que se trata del texto que brinda toda la informaci\u00f3n necesaria al momento de evaluar. Para editar los perfiles, se debe acceder al men\u00fa\u00a0 \u00abCat\u00e1logos\u00bb en la web de Iberm\u00fasicas.<\/p>\n<p>&nbsp;<\/p>\n<p>Recomendamos tambi\u00e9n recorrer nuestra nueva secci\u00f3n de Preguntas Frecuentes.<\/p>\n<p>&nbsp;<\/p>\n<p>Muy pronto ser\u00e1n anunciadas las fechas en las cuales el personal de la Unidad T\u00e9cnica Iberm\u00fasicas realizar\u00e1 diversas charlas abiertas en castellano y en portugu\u00e9s, destinadas al sector a fin de explicar los alcances de cada convocatoria y despejar dudas. Se realizar\u00e1 tambi\u00e9n una charla especialmente destinada a los pa\u00edses africanos de la CPLP y a Timor Oriental sobre la nueva l\u00ednea de ayuda \u00abViajes por la m\u00fasica en lengua portuguesa\u00bb.<\/p>\n<p>&nbsp;<\/p>\n<p>Invitamos a todo el sector musical involucrado en la gran red de Iberm\u00fasicas a presentar sus propuestas <a href=\"http:\/\/staging.ibermusicas.org\/index.php\/convocatorias\/\">aqu\u00ed<\/a><\/p>\n","protected":false},"excerpt":{"rendered":"<p>A partir del s\u00e1bado 15 de junio se encuentran habilitados todos los formularios de postulaci\u00f3n de nuestras Convocatorias y Premios para proyectos a realizarse en 2025. &nbsp; El formulario de aplicaci\u00f3n de la convocatoria Proyecto Especial de sinergia Iberm\u00fasicas-Mid Atlantic Arts, cerrar\u00e1 el 15 de septiembre a las 23:59 de cada pa\u00eds y no se [&hellip;]<\/p>\n","protected":false},"author":7,"featured_media":18974,"comment_status":"closed","ping_status":"closed","sticky":false,"template":"","format":"standard","meta":{"footnotes":""},"categories":[53],"tags":[],"class_list":["post-18972","post","type-post","status-publish","format-standard","has-post-thumbnail","hentry","category-noticias-generales"],"lang":"es","translations":{"es":18972},"pll_sync_post":[],"post_mailing_queue_ids":[],"_links":{"self":[{"href":"http:\/\/staging.ibermusicas.org\/index.php\/wp-json\/wp\/v2\/posts\/18972","targetHints":{"allow":["GET"]}}],"collection":[{"href":"http:\/\/staging.ibermusicas.org\/index.php\/wp-json\/wp\/v2\/posts"}],"about":[{"href":"http:\/\/staging.ibermusicas.org\/index.php\/wp-json\/wp\/v2\/types\/post"}],"author":[{"embeddable":true,"href":"http:\/\/staging.ibermusicas.org\/index.php\/wp-json\/wp\/v2\/users\/7"}],"replies":[{"embeddable":true,"href":"http:\/\/staging.ibermusicas.org\/index.php\/wp-json\/wp\/v2\/comments?post=18972"}],"version-history":[{"count":2,"href":"http:\/\/staging.ibermusicas.org\/index.php\/wp-json\/wp\/v2\/posts\/18972\/revisions"}],"predecessor-version":[{"id":18981,"href":"http:\/\/staging.ibermusicas.org\/index.php\/wp-json\/wp\/v2\/posts\/18972\/revisions\/18981"}],"wp:featuredmedia":[{"embeddable":true,"href":"http:\/\/staging.ibermusicas.org\/index.php\/wp-json\/wp\/v2\/media\/18974"}],"wp:attachment":[{"href":"http:\/\/staging.ibermusicas.org\/index.php\/wp-json\/wp\/v2\/media?parent=18972"}],"wp:term":[{"taxonomy":"category","embeddable":true,"href":"http:\/\/staging.ibermusicas.org\/index.php\/wp-json\/wp\/v2\/categories?post=18972"},{"taxonomy":"post_tag","embeddable":true,"href":"http:\/\/staging.ibermusicas.org\/index.php\/wp-json\/wp\/v2\/tags?post=18972"}],"curies":[{"name":"wp","href":"https:\/\/api.w.org\/{rel}","templated":true}]}}