{"id":18975,"date":"2024-06-14T19:43:05","date_gmt":"2024-06-14T19:43:05","guid":{"rendered":"http:\/\/staging.ibermusicas.org\/?p=18975"},"modified":"2024-08-01T19:08:31","modified_gmt":"2024-08-01T19:08:31","slug":"ja-estao-habilitados-no-site-do-ibermusicas-os-formularios-de-inscricao-para-a-apresentacao-de-propostas-2","status":"publish","type":"post","link":"http:\/\/staging.ibermusicas.org\/index.php\/ja-estao-habilitados-no-site-do-ibermusicas-os-formularios-de-inscricao-para-a-apresentacao-de-propostas-2\/","title":{"rendered":"J\u00e1 est\u00e3o habilitados no site do Iberm\u00fasicas os formul\u00e1rios de inscri\u00e7\u00e3o para a apresenta\u00e7\u00e3o de propostas"},"content":{"rendered":"<p>A partir de s\u00e1bado, 15 de junho, todos os formul\u00e1rios de inscri\u00e7\u00e3o para nossas Convocat\u00f3rias e Pr\u00eamios para projetos a serem realizados em 2025 est\u00e3o dispon\u00edveis.<\/p>\n<p>&nbsp;<\/p>\n<p>O formul\u00e1rio de inscri\u00e7\u00e3o para a convocat\u00f3ria do <strong>Projeto Especial de Sinergia Iberm\u00fasicas-Mid Atlantic Arts ser\u00e1 encerrado em 15 de setembro<\/strong> \u00e0s 23:59 no hor\u00e1rio local, e n\u00e3o ser\u00e3o aceitas inscri\u00e7\u00f5es ap\u00f3s esse prazo. Todos os outros formul\u00e1rios de convocat\u00f3rias e pr\u00eamios ser\u00e3o encerrados em 1\u00ba de outubro \u00e0s 23:59 no hor\u00e1rio local, e tamb\u00e9m n\u00e3o ser\u00e3o aceitas inscri\u00e7\u00f5es ap\u00f3s esse prazo. A \u00fanica exce\u00e7\u00e3o \u00e9:<\/p>\n<p>&nbsp;<\/p>\n<p>\u00c9 importante lembrar que os formul\u00e1rios de inscri\u00e7\u00e3o t\u00eam a op\u00e7\u00e3o de salvar as informa\u00e7\u00f5es inseridas como rascunho, facilitando o trabalho e permitindo iniciar o preenchimento do projeto mesmo sem todos os documentos necess\u00e1rios. Recomendamos usar essa op\u00e7\u00e3o para se familiarizar com os processos de candidatura.<\/p>\n<p>&nbsp;<\/p>\n<p>Al\u00e9m disso, \u00e9 altamente desaconselh\u00e1vel deixar a inscri\u00e7\u00e3o para o \u00faltimo dia, pois:<\/p>\n<p>&nbsp;<\/p>\n<ul>\n<li>pode haver algum requisito de \u00faltima hora que voc\u00ea n\u00e3o havia percebido antes e n\u00e3o ter\u00e1 tempo suficiente para cumprir<\/li>\n<li>o tr\u00e1fego no site pode apresentar complica\u00e7\u00f5es e dificuldades<\/li>\n<\/ul>\n<p>&nbsp;<\/p>\n<p>A equipe da Unidade T\u00e9cnica do Iberm\u00fasicas est\u00e1 \u00e0 disposi\u00e7\u00e3o das candidatas e dos candidatos durante os quatro meses em que as convocat\u00f3rias est\u00e3o abertas para fornecer orienta\u00e7\u00e3o na apresenta\u00e7\u00e3o dos projetos ou resolver qualquer problema que possa surgir. No entanto, \u00e9 importante lembrar que esse suporte n\u00e3o pode ser fornecido nos \u00faltimos dias, devido \u00e0 impossibilidade de atender \u00e0 demanda regional simultaneamente.<\/p>\n<p>&nbsp;<\/p>\n<p>Os j\u00faris avaliar\u00e3o os candidatos de acordo com as informa\u00e7\u00f5es apresentadas nos perfis do Cat\u00e1logo do Sector carregados no s\u00edtio web do Iberm\u00fasicas. Recomenda-se manter os perfis completos e atualizados, prestando especial aten\u00e7\u00e3o ao texto descritivo, que \u00e9 de grande valor para o j\u00fari, uma vez que \u00e9 o texto que fornece toda a informa\u00e7\u00e3o necess\u00e1ria no momento da avalia\u00e7\u00e3o. Para editar os perfis, tem que aceder ao menu \u201cCat\u00e1logos\u201d no sitio web do Iberm\u00fasicas.<\/p>\n<p>&nbsp;<\/p>\n<p>Recomendamos tamb\u00e9m visitar a nossa nova se\u00e7\u00e3o de Perguntas frequentes.<\/p>\n<p>&nbsp;<\/p>\n<p>Muito em breve ser\u00e3o anunciadas as datas em que o pessoal da Unidade T\u00e9cnica do Iberm\u00fasicas realizar\u00e1 v\u00e1rias conversas abertas ao sector, em espanhol e portugu\u00eas, para explicar o alcance de cada convocat\u00f3ria e esclarecer d\u00favidas. Haver\u00e1 tamb\u00e9m uma palestra especialmente dirigida aos pa\u00edses africanos da CPLP e a Timor Leste sobre a nova linha de apoio \u201c Viagens pela m\u00fasica em l\u00edngua portuguesa\u201d.<\/p>\n<p>&nbsp;<\/p>\n<p>Convidamos todo o setor musical envolvido na grande rede do Iberm\u00fasicas a apresentar suas propostas <a href=\"http:\/\/staging.ibermusicas.org\/index.php\/convocatorias-pt\/\">aqui<\/a><\/p>\n","protected":false},"excerpt":{"rendered":"<p>A partir de s\u00e1bado, 15 de junho, todos os formul\u00e1rios de inscri\u00e7\u00e3o para nossas Convocat\u00f3rias e Pr\u00eamios para projetos a serem realizados em 2025 est\u00e3o dispon\u00edveis. &nbsp; O formul\u00e1rio de inscri\u00e7\u00e3o para a convocat\u00f3ria do Projeto Especial de Sinergia Iberm\u00fasicas-Mid Atlantic Arts ser\u00e1 encerrado em 15 de setembro \u00e0s 23:59 no hor\u00e1rio local, e n\u00e3o [&hellip;]<\/p>\n","protected":false},"author":7,"featured_media":18977,"comment_status":"closed","ping_status":"closed","sticky":false,"template":"","format":"standard","meta":{"footnotes":""},"categories":[218],"tags":[],"class_list":["post-18975","post","type-post","status-publish","format-standard","has-post-thumbnail","hentry","category-noticias-generales-pt"],"lang":"pt","translations":{"pt":18975},"pll_sync_post":[],"post_mailing_queue_ids":[],"_links":{"self":[{"href":"http:\/\/staging.ibermusicas.org\/index.php\/wp-json\/wp\/v2\/posts\/18975","targetHints":{"allow":["GET"]}}],"collection":[{"href":"http:\/\/staging.ibermusicas.org\/index.php\/wp-json\/wp\/v2\/posts"}],"about":[{"href":"http:\/\/staging.ibermusicas.org\/index.php\/wp-json\/wp\/v2\/types\/post"}],"author":[{"embeddable":true,"href":"http:\/\/staging.ibermusicas.org\/index.php\/wp-json\/wp\/v2\/users\/7"}],"replies":[{"embeddable":true,"href":"http:\/\/staging.ibermusicas.org\/index.php\/wp-json\/wp\/v2\/comments?post=18975"}],"version-history":[{"count":2,"href":"http:\/\/staging.ibermusicas.org\/index.php\/wp-json\/wp\/v2\/posts\/18975\/revisions"}],"predecessor-version":[{"id":18978,"href":"http:\/\/staging.ibermusicas.org\/index.php\/wp-json\/wp\/v2\/posts\/18975\/revisions\/18978"}],"wp:featuredmedia":[{"embeddable":true,"href":"http:\/\/staging.ibermusicas.org\/index.php\/wp-json\/wp\/v2\/media\/18977"}],"wp:attachment":[{"href":"http:\/\/staging.ibermusicas.org\/index.php\/wp-json\/wp\/v2\/media?parent=18975"}],"wp:term":[{"taxonomy":"category","embeddable":true,"href":"http:\/\/staging.ibermusicas.org\/index.php\/wp-json\/wp\/v2\/categories?post=18975"},{"taxonomy":"post_tag","embeddable":true,"href":"http:\/\/staging.ibermusicas.org\/index.php\/wp-json\/wp\/v2\/tags?post=18975"}],"curies":[{"name":"wp","href":"https:\/\/api.w.org\/{rel}","templated":true}]}}