{"id":18982,"date":"2024-06-14T12:57:55","date_gmt":"2024-06-14T12:57:55","guid":{"rendered":"http:\/\/staging.ibermusicas.org\/?p=18982"},"modified":"2024-06-27T13:16:45","modified_gmt":"2024-06-27T13:16:45","slug":"desde-uruguay-julieta-rada-comparte-un-adelanto-de-su-proximo-disco","status":"publish","type":"post","link":"http:\/\/staging.ibermusicas.org\/index.php\/desde-uruguay-julieta-rada-comparte-un-adelanto-de-su-proximo-disco\/","title":{"rendered":"Desde Uruguay, Julieta Rada comparte un adelanto de su pr\u00f3ximo disco"},"content":{"rendered":"<p>El Candombe es la esencia del Uruguay, un ritmo que conecta a las personas con las ra\u00edces Africanas de Latinoam\u00e9rica. En su cuarto \u00e1lbum de estudio, Julieta Rada (nominada a Lat\u00edn Grammy e hija del ic\u00f3nico artista uruguayo Rub\u00e9n Rada) nos propone re imaginar estas composiciones tradicionales del Uruguay con un nuevo aire contempor\u00e1neo, mezclando el g\u00e9nero con otras culturas y con artistas de todo el mundo. Se trata de un disco de Standards de Candombe en el cual se rinde tributo a la m\u00fasica Afro-Uruguaya con el foco puesto en las sonoridades del mundo y la era moderna.<\/p>\n<p>&nbsp;<\/p>\n<p>El \u00e1lbum \u00abCandombe\u00bb ser\u00e1 editado el 12 de Septiembre y contar\u00e1 con la participaci\u00f3n de referentes art\u00edsticos tales como: Fito P\u00e1ez, Pedrito Mart\u00ednez, Leo Genovese, ILe, Lionel Loueke y el mism\u00edsimo Rub\u00e9n Rada y se podr\u00e1 encontrar en plataformas digitales como Spotify, Youtube, Itunes, Deezer, etc. A modo de adelanto, ya se puede escuchar \u00abBaile del candombe\u00bb en esas mismas plataformas.<\/p>\n<p>Iberm\u00fasicas apoya la realizaci\u00f3n de este \u00e1lbum de Julieta Rada a trav\u00e9s de sus Ayudas al Sector Musical en Modalidad Virtual.<\/p>\n","protected":false},"excerpt":{"rendered":"<p>El Candombe es la esencia del Uruguay, un ritmo que conecta a las personas con las ra\u00edces Africanas de Latinoam\u00e9rica. En su cuarto \u00e1lbum de estudio, Julieta Rada (nominada a Lat\u00edn Grammy e hija del ic\u00f3nico artista uruguayo Rub\u00e9n Rada) nos propone re imaginar estas composiciones tradicionales del Uruguay con un nuevo aire contempor\u00e1neo, mezclando [&hellip;]<\/p>\n","protected":false},"author":7,"featured_media":18983,"comment_status":"closed","ping_status":"closed","sticky":false,"template":"","format":"standard","meta":{"footnotes":""},"categories":[53],"tags":[],"class_list":["post-18982","post","type-post","status-publish","format-standard","has-post-thumbnail","hentry","category-noticias-generales"],"lang":"es","translations":{"es":18982,"pt":18985},"pll_sync_post":[],"post_mailing_queue_ids":[],"_links":{"self":[{"href":"http:\/\/staging.ibermusicas.org\/index.php\/wp-json\/wp\/v2\/posts\/18982","targetHints":{"allow":["GET"]}}],"collection":[{"href":"http:\/\/staging.ibermusicas.org\/index.php\/wp-json\/wp\/v2\/posts"}],"about":[{"href":"http:\/\/staging.ibermusicas.org\/index.php\/wp-json\/wp\/v2\/types\/post"}],"author":[{"embeddable":true,"href":"http:\/\/staging.ibermusicas.org\/index.php\/wp-json\/wp\/v2\/users\/7"}],"replies":[{"embeddable":true,"href":"http:\/\/staging.ibermusicas.org\/index.php\/wp-json\/wp\/v2\/comments?post=18982"}],"version-history":[{"count":1,"href":"http:\/\/staging.ibermusicas.org\/index.php\/wp-json\/wp\/v2\/posts\/18982\/revisions"}],"predecessor-version":[{"id":18984,"href":"http:\/\/staging.ibermusicas.org\/index.php\/wp-json\/wp\/v2\/posts\/18982\/revisions\/18984"}],"wp:featuredmedia":[{"embeddable":true,"href":"http:\/\/staging.ibermusicas.org\/index.php\/wp-json\/wp\/v2\/media\/18983"}],"wp:attachment":[{"href":"http:\/\/staging.ibermusicas.org\/index.php\/wp-json\/wp\/v2\/media?parent=18982"}],"wp:term":[{"taxonomy":"category","embeddable":true,"href":"http:\/\/staging.ibermusicas.org\/index.php\/wp-json\/wp\/v2\/categories?post=18982"},{"taxonomy":"post_tag","embeddable":true,"href":"http:\/\/staging.ibermusicas.org\/index.php\/wp-json\/wp\/v2\/tags?post=18982"}],"curies":[{"name":"wp","href":"https:\/\/api.w.org\/{rel}","templated":true}]}}