{"id":18985,"date":"2024-06-14T12:59:21","date_gmt":"2024-06-14T12:59:21","guid":{"rendered":"http:\/\/staging.ibermusicas.org\/?p=18985"},"modified":"2024-06-27T13:28:41","modified_gmt":"2024-06-27T13:28:41","slug":"do-uruguai-julieta-rada-partilha-um-avanco-do-seu-proximo-album","status":"publish","type":"post","link":"http:\/\/staging.ibermusicas.org\/index.php\/do-uruguai-julieta-rada-partilha-um-avanco-do-seu-proximo-album\/","title":{"rendered":"Do Uruguai, Julieta Rada partilha um avan\u00e7o do seu pr\u00f3ximo \u00e1lbum"},"content":{"rendered":"<p>O candombe \u00e9 a ess\u00eancia do Uruguai, um ritmo que liga as pessoas \u00e0s ra\u00edzes africanas da Am\u00e9rica Latina. No seu quarto \u00e1lbum de est\u00fadio, Julieta Rada (nomeada para os Grammy Latinos e filha do ic\u00f4nico artista uruguaio Rub\u00e9n Rada) prop\u00f5e-se reimaginar estas composi\u00e7\u00f5es tradicionais do Uruguai com um novo toque contempor\u00e2neo, misturando o g\u00eanero com outras culturas e artistas de todo o mundo. Este \u00e9 um \u00e1lbum de Candombe Standards que presta homenagem \u00e0 m\u00fasica afro-uruguaia com foco nas sonoridades do mundo e da era moderna.<\/p>\n<p>&nbsp;<\/p>\n<p>O \u00e1lbum \u00abCandombe\u00bb ser\u00e1 lan\u00e7ado no dia 12 de setembro e contar\u00e1 com a participa\u00e7\u00e3o de artistas como: Fito P\u00e1ez, Pedrito Mart\u00ednez, Leo Genovese, ILe, Lionel Loueke e o pr\u00f3prio Rub\u00e9n Rada e estar\u00e1 dispon\u00edvel em plataformas digitais como Spotify, Youtube, Itunes, Deezer, etc. Como pr\u00e9via, j\u00e1 se pode escutar \u00abBaile del candombe\u00bb nestas mesmas plataformas.<\/p>\n<p>&nbsp;<\/p>\n<p>&nbsp;<\/p>\n<p>O Programa Iberm\u00fasicas apoia a produ\u00e7\u00e3o deste \u00e1lbum de Julieta Rada atrav\u00e9s das suas Ajudas ao Sector Musical em Modalidade Virtual.<\/p>\n","protected":false},"excerpt":{"rendered":"<p>O candombe \u00e9 a ess\u00eancia do Uruguai, um ritmo que liga as pessoas \u00e0s ra\u00edzes africanas da Am\u00e9rica Latina. No seu quarto \u00e1lbum de est\u00fadio, Julieta Rada (nomeada para os Grammy Latinos e filha do ic\u00f4nico artista uruguaio Rub\u00e9n Rada) prop\u00f5e-se reimaginar estas composi\u00e7\u00f5es tradicionais do Uruguai com um novo toque contempor\u00e2neo, misturando o g\u00eanero [&hellip;]<\/p>\n","protected":false},"author":7,"featured_media":18983,"comment_status":"closed","ping_status":"closed","sticky":false,"template":"","format":"standard","meta":{"footnotes":""},"categories":[218],"tags":[],"class_list":["post-18985","post","type-post","status-publish","format-standard","has-post-thumbnail","hentry","category-noticias-generales-pt"],"lang":"pt","translations":{"pt":18985,"es":18982},"pll_sync_post":[],"post_mailing_queue_ids":[],"_links":{"self":[{"href":"http:\/\/staging.ibermusicas.org\/index.php\/wp-json\/wp\/v2\/posts\/18985","targetHints":{"allow":["GET"]}}],"collection":[{"href":"http:\/\/staging.ibermusicas.org\/index.php\/wp-json\/wp\/v2\/posts"}],"about":[{"href":"http:\/\/staging.ibermusicas.org\/index.php\/wp-json\/wp\/v2\/types\/post"}],"author":[{"embeddable":true,"href":"http:\/\/staging.ibermusicas.org\/index.php\/wp-json\/wp\/v2\/users\/7"}],"replies":[{"embeddable":true,"href":"http:\/\/staging.ibermusicas.org\/index.php\/wp-json\/wp\/v2\/comments?post=18985"}],"version-history":[{"count":1,"href":"http:\/\/staging.ibermusicas.org\/index.php\/wp-json\/wp\/v2\/posts\/18985\/revisions"}],"predecessor-version":[{"id":18986,"href":"http:\/\/staging.ibermusicas.org\/index.php\/wp-json\/wp\/v2\/posts\/18985\/revisions\/18986"}],"wp:featuredmedia":[{"embeddable":true,"href":"http:\/\/staging.ibermusicas.org\/index.php\/wp-json\/wp\/v2\/media\/18983"}],"wp:attachment":[{"href":"http:\/\/staging.ibermusicas.org\/index.php\/wp-json\/wp\/v2\/media?parent=18985"}],"wp:term":[{"taxonomy":"category","embeddable":true,"href":"http:\/\/staging.ibermusicas.org\/index.php\/wp-json\/wp\/v2\/categories?post=18985"},{"taxonomy":"post_tag","embeddable":true,"href":"http:\/\/staging.ibermusicas.org\/index.php\/wp-json\/wp\/v2\/tags?post=18985"}],"curies":[{"name":"wp","href":"https:\/\/api.w.org\/{rel}","templated":true}]}}