{"id":18992,"date":"2024-06-14T13:10:20","date_gmt":"2024-06-14T13:10:20","guid":{"rendered":"http:\/\/staging.ibermusicas.org\/?p=18992"},"modified":"2024-06-27T13:15:39","modified_gmt":"2024-06-27T13:15:39","slug":"la-agrupacion-chilena-familia-bombo-trio-continua-con-su-gran-gira-europea","status":"publish","type":"post","link":"http:\/\/staging.ibermusicas.org\/index.php\/la-agrupacion-chilena-familia-bombo-trio-continua-con-su-gran-gira-europea\/","title":{"rendered":"La agrupaci\u00f3n chilena Familia Bombo Tr\u00edo contin\u00faa con su gran gira europea"},"content":{"rendered":"<p>La Familia Bombo Tr\u00edo se presenta con un formato de cuarteto con un repertorio cantinero que se adapta a diferentes escenarios, calles y clubes, bares y cantinas, con un chinchinero acompa\u00f1ando a un tr\u00edo de m\u00fasicos, con dos guitarras, un acordeonista y sus voces.<\/p>\n<p>&nbsp;<\/p>\n<p>Bombo Diablo y La Flor del Romero son un fiel reflejo de la fiesta chilena. Los artistas y creadores que conforman la bohemia santiaguina forman parte del legado de la chilenidad en sus versos y m\u00fasica.<\/p>\n<p>&nbsp;<\/p>\n<p>Este elenco se ha unido para desarrollar una atractiva e innovadora propuesta que refleja a la perfecci\u00f3n la fiesta chilena y la bohemia, en una puesta en escena que, a trav\u00e9s del verso y la melod\u00eda, transporta al espectador a la nostalgia, el recuerdo y la emoci\u00f3n. Una experiencia real y emotiva.<\/p>\n<p>&nbsp;<\/p>\n<p>La fuerza de este formato reside en la variedad sonora que ofrece la combinaci\u00f3n de instrumentos tradicionales y el acompa\u00f1amiento del maravilloso invento chileno de percusi\u00f3n: el Bombo Chinchinero.<\/p>\n<p>&nbsp;<\/p>\n<p>La oferta musical abarca los ritmos de valses criollos, boleros, zamba argentina, corridos, tonadas y cuecas, m\u00fasica original y una selecci\u00f3n del repertorio popular del folclore latinoamericano.<\/p>\n<p>&nbsp;<\/p>\n<p>La gira de Familia Bombo Tr\u00edo cuenta con el apoyo de Iberm\u00fasicas mediante sus ayudas al sector musical para la circulaci\u00f3n.<\/p>\n<p>&nbsp;<\/p>\n<p>&nbsp;<\/p>\n<ul>\n<li>S\u00e1bado 15 de junio: Festival Tamborile. Mezquita de Jarque, Espa\u00f1a<\/li>\n<li>Martes 18 de junio, 21h: Bar Perro Pako, Barcelona. Espa\u00f1a<\/li>\n<li>S\u00e1bado 22 de junio, 20h: La Vista, Marseille, Francia<\/li>\n<li>Martes 25 de junio, 20h: Malmousque. con Chorale Calle Sol. Marsella, Francia<\/li>\n<li>Jueves 27 de junio: Bar La Chola, 20h. Marsella, Francia<\/li>\n<li>S\u00e1bado 29 de junio, 11h: Festival Beleza! cantes &amp; music du monde. Digne-les-Bains, Francia<\/li>\n<li>Viernes 5 de julio: Bar Le Molotov. Marsella, Francia<\/li>\n<li>Mi\u00e9rcoles 10 de julio: Festival Chalon dans la rue, Francia<\/li>\n<li>S\u00e1bado 13 de julio: Festival Chalon dans la rue, Francia<\/li>\n<li>Mi\u00e9rcoles 24 de julio: Inauguraci\u00f3n Feria de la Cultura Chilena, Par\u00eds, Francia<\/li>\n<li>Jueves 25 al s\u00e1bado 27 de julio: Festival Villan\u00faa, Espa\u00f1a<\/li>\n<li>S\u00e1bado 3 de agosto: Ginebra, junto a Barlovento Sur. Ginebra, Suiza<\/li>\n<li>Viernes 9 al Domingo 18 de agosto: San Pietro in Bevagna, Italia<\/li>\n<li>Mi\u00e9rcoles 21 al domingo 25 de agosto: Ferrara Buskers Festival, Ferrara, Italia<\/li>\n<\/ul>\n","protected":false},"excerpt":{"rendered":"<p>La Familia Bombo Tr\u00edo se presenta con un formato de cuarteto con un repertorio cantinero que se adapta a diferentes escenarios, calles y clubes, bares y cantinas, con un chinchinero acompa\u00f1ando a un tr\u00edo de m\u00fasicos, con dos guitarras, un acordeonista y sus voces. &nbsp; Bombo Diablo y La Flor del Romero son un fiel [&hellip;]<\/p>\n","protected":false},"author":7,"featured_media":18848,"comment_status":"closed","ping_status":"closed","sticky":false,"template":"","format":"standard","meta":{"footnotes":""},"categories":[53],"tags":[],"class_list":["post-18992","post","type-post","status-publish","format-standard","has-post-thumbnail","hentry","category-noticias-generales"],"lang":"es","translations":{"es":18992,"pt":18994},"pll_sync_post":[],"post_mailing_queue_ids":[],"_links":{"self":[{"href":"http:\/\/staging.ibermusicas.org\/index.php\/wp-json\/wp\/v2\/posts\/18992","targetHints":{"allow":["GET"]}}],"collection":[{"href":"http:\/\/staging.ibermusicas.org\/index.php\/wp-json\/wp\/v2\/posts"}],"about":[{"href":"http:\/\/staging.ibermusicas.org\/index.php\/wp-json\/wp\/v2\/types\/post"}],"author":[{"embeddable":true,"href":"http:\/\/staging.ibermusicas.org\/index.php\/wp-json\/wp\/v2\/users\/7"}],"replies":[{"embeddable":true,"href":"http:\/\/staging.ibermusicas.org\/index.php\/wp-json\/wp\/v2\/comments?post=18992"}],"version-history":[{"count":1,"href":"http:\/\/staging.ibermusicas.org\/index.php\/wp-json\/wp\/v2\/posts\/18992\/revisions"}],"predecessor-version":[{"id":18993,"href":"http:\/\/staging.ibermusicas.org\/index.php\/wp-json\/wp\/v2\/posts\/18992\/revisions\/18993"}],"wp:featuredmedia":[{"embeddable":true,"href":"http:\/\/staging.ibermusicas.org\/index.php\/wp-json\/wp\/v2\/media\/18848"}],"wp:attachment":[{"href":"http:\/\/staging.ibermusicas.org\/index.php\/wp-json\/wp\/v2\/media?parent=18992"}],"wp:term":[{"taxonomy":"category","embeddable":true,"href":"http:\/\/staging.ibermusicas.org\/index.php\/wp-json\/wp\/v2\/categories?post=18992"},{"taxonomy":"post_tag","embeddable":true,"href":"http:\/\/staging.ibermusicas.org\/index.php\/wp-json\/wp\/v2\/tags?post=18992"}],"curies":[{"name":"wp","href":"https:\/\/api.w.org\/{rel}","templated":true}]}}