{"id":18996,"date":"2024-06-14T13:22:49","date_gmt":"2024-06-14T13:22:49","guid":{"rendered":"http:\/\/staging.ibermusicas.org\/?p=18996"},"modified":"2024-06-14T13:22:49","modified_gmt":"2024-06-14T13:22:49","slug":"el-guitarrista-christopher-avilez-realizara-una-gira-por-peru-y-ecuador-presentando-el-coleccionista-proyecto-de-difusion-de-la-obra-inedita-para-guitarra-de-pedro-ximenez-abr","status":"publish","type":"post","link":"http:\/\/staging.ibermusicas.org\/index.php\/el-guitarrista-christopher-avilez-realizara-una-gira-por-peru-y-ecuador-presentando-el-coleccionista-proyecto-de-difusion-de-la-obra-inedita-para-guitarra-de-pedro-ximenez-abr\/","title":{"rendered":"El guitarrista Christopher Avilez realizar\u00e1 una gira por Per\u00fa y Ecuador presentando \u201cEl Coleccionista\u201d,\u00a0 proyecto de difusi\u00f3n de la obra in\u00e9dita para guitarra de Pedro Ximenez Abril y Tirado"},"content":{"rendered":"<p>Este proyecto consiste en el rescate, la interpretaci\u00f3n y la difusi\u00f3n de la obra para guitarra sola del compositor latinoamericano Pedro Ximenez Abril y Tirado (Arequipa 1784 &#8211; Sucre 1856) a trav\u00e9s de una gira de conciertos en diferentes ciudades del Per\u00fa y del Ecuador.<\/p>\n<p>&nbsp;<\/p>\n<p>El nombre de Pedro Ximenez Abril y Tirado se vincula a la figura de un m\u00fasico (violonchelista y guitarrista), compositor y maestro de capilla nacido en Arequipa en 1784 y fallecido en la \u00abCiudad blanca\u00bb Sucre en 1856. Redescubierto hace poco m\u00e1s de dos d\u00e9cadas como resultado de la aparici\u00f3n, la venta y la adquisici\u00f3n de repositorios partiturales a entes privados e institucionales, el legado musical de este autor se forma por fuentes manuscritas y publicaciones hechas durante la vida del compositor que forman un patrimonio hist\u00f3rico-musical hispanoamericano que abarca un repertorio integrado por m\u00fasica lit\u00fargica, sinf\u00f3nica, camer\u00edstica, canci\u00f3n de corte popular (yarav\u00ed) y obra para piano solo y guitarra sola.<\/p>\n<p>&nbsp;<\/p>\n<p>La literatura para guitarra sola de Pedro Ximenez Abril y Tirado \u2014in\u00e9dita en su mayor\u00eda\u2014 se encuentra en un estado de conservaci\u00f3n aceptable, a pesar de haber sufrido mutilaci\u00f3n, fragmentaci\u00f3n y desaparici\u00f3n, que permite testimoniar un perfil representativo de su producci\u00f3n musical. Se agrupa en colecciones y obras que superan las 200 piezas para este instrumento.<\/p>\n<p>&nbsp;<\/p>\n<p>Con esta gira, apoyada por Iberm\u00fasicas, Christopher Avilez difundir\u00e1 el trabajo plasmado en su \u00e1lbum \u201cAl pie del volc\u00e1n\u201d con la obra in\u00e9dita para guitarra de Pedro Ximenez Abril y Tirado que incluye la obra de gran formato para este instrumento.<\/p>\n<p>&nbsp;<\/p>\n<ul>\n<li>Del 20 al 29 de junio: presentaciones en Universidad Central del Ecuador, Universidad de las Am\u00e9ricas, Universidad Cat\u00f3lica de Ecuador, Universidad Andina, y la Casa de la M\u00fasica.<\/li>\n<li>Clases maestras, cuatro talleres y cuatro conciertos.<\/li>\n<li>Del 01 al 06 de julio : conciertos de guitarra sola en el IV Festival Internacional de Guitarra \u00abXimenez Abril\u00bb en Cusco y Lima, Per\u00fa.<\/li>\n<\/ul>\n","protected":false},"excerpt":{"rendered":"<p>Este proyecto consiste en el rescate, la interpretaci\u00f3n y la difusi\u00f3n de la obra para guitarra sola del compositor latinoamericano Pedro Ximenez Abril y Tirado (Arequipa 1784 &#8211; Sucre 1856) a trav\u00e9s de una gira de conciertos en diferentes ciudades del Per\u00fa y del Ecuador. &nbsp; El nombre de Pedro Ximenez Abril y Tirado se [&hellip;]<\/p>\n","protected":false},"author":7,"featured_media":18997,"comment_status":"closed","ping_status":"closed","sticky":false,"template":"","format":"standard","meta":{"footnotes":""},"categories":[53],"tags":[],"class_list":["post-18996","post","type-post","status-publish","format-standard","has-post-thumbnail","hentry","category-noticias-generales"],"lang":"es","translations":{"es":18996,"pt":18999},"pll_sync_post":[],"post_mailing_queue_ids":[],"_links":{"self":[{"href":"http:\/\/staging.ibermusicas.org\/index.php\/wp-json\/wp\/v2\/posts\/18996","targetHints":{"allow":["GET"]}}],"collection":[{"href":"http:\/\/staging.ibermusicas.org\/index.php\/wp-json\/wp\/v2\/posts"}],"about":[{"href":"http:\/\/staging.ibermusicas.org\/index.php\/wp-json\/wp\/v2\/types\/post"}],"author":[{"embeddable":true,"href":"http:\/\/staging.ibermusicas.org\/index.php\/wp-json\/wp\/v2\/users\/7"}],"replies":[{"embeddable":true,"href":"http:\/\/staging.ibermusicas.org\/index.php\/wp-json\/wp\/v2\/comments?post=18996"}],"version-history":[{"count":1,"href":"http:\/\/staging.ibermusicas.org\/index.php\/wp-json\/wp\/v2\/posts\/18996\/revisions"}],"predecessor-version":[{"id":18998,"href":"http:\/\/staging.ibermusicas.org\/index.php\/wp-json\/wp\/v2\/posts\/18996\/revisions\/18998"}],"wp:featuredmedia":[{"embeddable":true,"href":"http:\/\/staging.ibermusicas.org\/index.php\/wp-json\/wp\/v2\/media\/18997"}],"wp:attachment":[{"href":"http:\/\/staging.ibermusicas.org\/index.php\/wp-json\/wp\/v2\/media?parent=18996"}],"wp:term":[{"taxonomy":"category","embeddable":true,"href":"http:\/\/staging.ibermusicas.org\/index.php\/wp-json\/wp\/v2\/categories?post=18996"},{"taxonomy":"post_tag","embeddable":true,"href":"http:\/\/staging.ibermusicas.org\/index.php\/wp-json\/wp\/v2\/tags?post=18996"}],"curies":[{"name":"wp","href":"https:\/\/api.w.org\/{rel}","templated":true}]}}