{"id":18999,"date":"2024-06-14T13:29:35","date_gmt":"2024-06-14T13:29:35","guid":{"rendered":"http:\/\/staging.ibermusicas.org\/?p=18999"},"modified":"2024-06-14T13:29:35","modified_gmt":"2024-06-14T13:29:35","slug":"o-guitarrista-christopher-avilez-fara-uma-digressao-pelo-peru-e-equador-apresentando-el-colecionista-um-projeto-de-divulgacao-das-obras-ineditas-para-guitarra-de-pedro-ximenez-abril","status":"publish","type":"post","link":"http:\/\/staging.ibermusicas.org\/index.php\/o-guitarrista-christopher-avilez-fara-uma-digressao-pelo-peru-e-equador-apresentando-el-colecionista-um-projeto-de-divulgacao-das-obras-ineditas-para-guitarra-de-pedro-ximenez-abril\/","title":{"rendered":"O guitarrista Christopher Avilez far\u00e1 uma digress\u00e3o pelo Peru e Equador apresentando \u201cEl Colecionista\u201d, um projeto de divulga\u00e7\u00e3o das obras in\u00e9ditas para guitarra de Pedro Ximenez Abril y Tirado"},"content":{"rendered":"<p>Este projeto consiste no resgate, interpreta\u00e7\u00e3o e divulga\u00e7\u00e3o das obras para guitarra solo do compositor latino-americano Pedro Ximenez Abril y Tirado (Arequipa 1784 &#8211; Sucre 1856) atrav\u00e9s de uma digress\u00e3o de concertos em diferentes cidades do Peru e Equador.<\/p>\n<p>&nbsp;<\/p>\n<p>O nome Pedro Ximenez Abril y Tirado est\u00e1 ligado \u00e0 figura de um m\u00fasico (violoncelista e guitarrista), compositor e mestre de capela nascido em Arequipa em 1784 e falecido na \u201cCidade Branca\u201d Sucre em 1856. Redescoberto h\u00e1 pouco mais de duas d\u00e9cadas, como resultado do aparecimento, venda e aquisi\u00e7\u00e3o de reposit\u00f3rios de partituras de entidades privadas e institucionais, o legado musical deste autor \u00e9 constitu\u00eddo por fontes manuscritas e publica\u00e7\u00f5es feitas durante a vida do compositor, que formam um patrim\u00f3nio hist\u00f3rico-musical hispano-americano composto por um repert\u00f3rio de m\u00fasica lit\u00fargica, sinf\u00f3nica e de c\u00e2mara, can\u00e7\u00f5es populares (yarav\u00ed) e obras para piano solo e guitarra solo.<\/p>\n<p>&nbsp;<\/p>\n<p>A literatura para viol\u00e3o solo de Pedro Ximenez Abril y Tirado, em sua maior parte in\u00e9dita, encontra-se em aceit\u00e1vel estado de conserva\u00e7\u00e3o, apesar de ter sofrido mutila\u00e7\u00f5es, fragmenta\u00e7\u00f5es e desaparecimentos, o que nos permite testemunhar um perfil representativo de sua produ\u00e7\u00e3o musical. Est\u00e1 agrupada em colec\u00e7\u00f5es e obras que ultrapassam as 200 pe\u00e7as para este instrumento.<\/p>\n<p>&nbsp;<\/p>\n<p>Com esta tourn\u00e9e, apoiada pelo Programa Iberm\u00fasicas,\u00a0 Christopher Avilez difundir\u00e1 a obra materializada no seu \u00e1lbum \u201cAl pie del volc\u00e1n\u201d com a obra in\u00e9dita para guitarra de Pedro Ximenez abril y Tirado, que inclui a obra de grande formato para este instrumento.<\/p>\n<p>&nbsp;<\/p>\n<ul>\n<li>De 20 a 29 de junho: actua\u00e7\u00f5es na Universidad Central del Ecuador, Universidad de las Am\u00e9ricas, Universidad Cat\u00f3lica de Ecuador, Universidad Andina e Casa de la M\u00fasica.<\/li>\n<li>Master classes, quatro workshops e quatro concertos.<\/li>\n<li>De 1 a 6 de julho: concertos de guitarra solo no IV Festival Internacional de Guitarra \u201cXimenez Abril\u201d em Cusco e Lima, Peru.<\/li>\n<\/ul>\n","protected":false},"excerpt":{"rendered":"<p>Este projeto consiste no resgate, interpreta\u00e7\u00e3o e divulga\u00e7\u00e3o das obras para guitarra solo do compositor latino-americano Pedro Ximenez Abril y Tirado (Arequipa 1784 &#8211; Sucre 1856) atrav\u00e9s de uma digress\u00e3o de concertos em diferentes cidades do Peru e Equador. &nbsp; O nome Pedro Ximenez Abril y Tirado est\u00e1 ligado \u00e0 figura de um m\u00fasico (violoncelista [&hellip;]<\/p>\n","protected":false},"author":7,"featured_media":18997,"comment_status":"closed","ping_status":"closed","sticky":false,"template":"","format":"standard","meta":{"footnotes":""},"categories":[218],"tags":[],"class_list":["post-18999","post","type-post","status-publish","format-standard","has-post-thumbnail","hentry","category-noticias-generales-pt"],"lang":"pt","translations":{"pt":18999,"es":18996},"pll_sync_post":[],"post_mailing_queue_ids":[],"_links":{"self":[{"href":"http:\/\/staging.ibermusicas.org\/index.php\/wp-json\/wp\/v2\/posts\/18999","targetHints":{"allow":["GET"]}}],"collection":[{"href":"http:\/\/staging.ibermusicas.org\/index.php\/wp-json\/wp\/v2\/posts"}],"about":[{"href":"http:\/\/staging.ibermusicas.org\/index.php\/wp-json\/wp\/v2\/types\/post"}],"author":[{"embeddable":true,"href":"http:\/\/staging.ibermusicas.org\/index.php\/wp-json\/wp\/v2\/users\/7"}],"replies":[{"embeddable":true,"href":"http:\/\/staging.ibermusicas.org\/index.php\/wp-json\/wp\/v2\/comments?post=18999"}],"version-history":[{"count":1,"href":"http:\/\/staging.ibermusicas.org\/index.php\/wp-json\/wp\/v2\/posts\/18999\/revisions"}],"predecessor-version":[{"id":19000,"href":"http:\/\/staging.ibermusicas.org\/index.php\/wp-json\/wp\/v2\/posts\/18999\/revisions\/19000"}],"wp:featuredmedia":[{"embeddable":true,"href":"http:\/\/staging.ibermusicas.org\/index.php\/wp-json\/wp\/v2\/media\/18997"}],"wp:attachment":[{"href":"http:\/\/staging.ibermusicas.org\/index.php\/wp-json\/wp\/v2\/media?parent=18999"}],"wp:term":[{"taxonomy":"category","embeddable":true,"href":"http:\/\/staging.ibermusicas.org\/index.php\/wp-json\/wp\/v2\/categories?post=18999"},{"taxonomy":"post_tag","embeddable":true,"href":"http:\/\/staging.ibermusicas.org\/index.php\/wp-json\/wp\/v2\/tags?post=18999"}],"curies":[{"name":"wp","href":"https:\/\/api.w.org\/{rel}","templated":true}]}}