{"id":19004,"date":"2024-06-14T13:34:18","date_gmt":"2024-06-14T13:34:18","guid":{"rendered":"http:\/\/staging.ibermusicas.org\/?p=19004"},"modified":"2024-06-27T13:28:23","modified_gmt":"2024-06-27T13:28:23","slug":"a-compositora-argentina-luciana-rizzo-realiza-sua-residencia-artistica-em-portugal","status":"publish","type":"post","link":"http:\/\/staging.ibermusicas.org\/index.php\/a-compositora-argentina-luciana-rizzo-realiza-sua-residencia-artistica-em-portugal\/","title":{"rendered":"A compositora argentina Luciana Rizzo realiza sua resid\u00eancia art\u00edstica em Portugal"},"content":{"rendered":"<p>A artista argentina Luciana Rizzo prop\u00f5e a cria\u00e7\u00e3o de um document\u00e1rio sonoro atrav\u00e9s de uma pesquisa ao longo do rio Douro, com registros das paisagens sonoras do rio e a realiza\u00e7\u00e3o de entrevistas com moradores das suas margens e pessoas ligadas ao rio o qual ser\u00e1 entendido como um ser vivo, com vozes diversas, humanas e n\u00e3o humanas, que coexistem e interagem com ele e com o seu ambiente.<\/p>\n<p>&nbsp;<\/p>\n<p>Luciana Rizzo (Argentina, 1990) \u00e9 artista sonora, m\u00fasica e performer. Vive e trabalha em Buenos Aires. Estudou Composi\u00e7\u00e3o com Meios Eletroac\u00fasticos na Universidade Nacional de Quilmes. Como baterista desde os 16 anos, encontrou seu espa\u00e7o na experimenta\u00e7\u00e3o e improvisa\u00e7\u00e3o. Ela tocou em v\u00e1rios projetos de grupo e, ao mesmo tempo, come\u00e7ou a desenvolver um conjunto solo baseado em baterias h\u00edbridas, samples, grava\u00e7\u00f5es de campo e feedbacks, transitando entre can\u00e7\u00f5es, ambientes e improvisa\u00e7\u00f5es. \u00c9 membro do Clube do Gamel\u00e1n, um ensemble que executa repert\u00f3rio de Bali, Indon\u00e9sia. Recentemente, tem se dedicado \u00e0 produ\u00e7\u00e3o de document\u00e1rios sonoros e pe\u00e7as radiof\u00f4nicas.<\/p>\n<p>&nbsp;<\/p>\n<p>Este trabalho de Luciana Rizzo \u00e9 apoiado pelo Programa Iberm\u00fasicas atrav\u00e9s das suas Ajudas a Resid\u00eancias Art\u00edsticas, convocat\u00f3ria 2023.<\/p>\n<p>&nbsp;<\/p>\n<p>&nbsp;<\/p>\n<p>22 de junho, 19h, Hotelier &#8211; Porto, Rua Anselmo Braamcamp 324, Porto, Portugal<\/p>\n<p>Platform for Experimental Music<\/p>\n<p><a href=\"http:\/\/www.sonoscopia.pt\/\">www.sonoscopia.pt<\/a><\/p>\n","protected":false},"excerpt":{"rendered":"<p>A artista argentina Luciana Rizzo prop\u00f5e a cria\u00e7\u00e3o de um document\u00e1rio sonoro atrav\u00e9s de uma pesquisa ao longo do rio Douro, com registros das paisagens sonoras do rio e a realiza\u00e7\u00e3o de entrevistas com moradores das suas margens e pessoas ligadas ao rio o qual ser\u00e1 entendido como um ser vivo, com vozes diversas, humanas [&hellip;]<\/p>\n","protected":false},"author":7,"featured_media":19002,"comment_status":"closed","ping_status":"closed","sticky":false,"template":"","format":"standard","meta":{"footnotes":""},"categories":[218],"tags":[],"class_list":["post-19004","post","type-post","status-publish","format-standard","has-post-thumbnail","hentry","category-noticias-generales-pt"],"lang":"pt","translations":{"pt":19004,"es":19001},"pll_sync_post":[],"post_mailing_queue_ids":[],"_links":{"self":[{"href":"http:\/\/staging.ibermusicas.org\/index.php\/wp-json\/wp\/v2\/posts\/19004","targetHints":{"allow":["GET"]}}],"collection":[{"href":"http:\/\/staging.ibermusicas.org\/index.php\/wp-json\/wp\/v2\/posts"}],"about":[{"href":"http:\/\/staging.ibermusicas.org\/index.php\/wp-json\/wp\/v2\/types\/post"}],"author":[{"embeddable":true,"href":"http:\/\/staging.ibermusicas.org\/index.php\/wp-json\/wp\/v2\/users\/7"}],"replies":[{"embeddable":true,"href":"http:\/\/staging.ibermusicas.org\/index.php\/wp-json\/wp\/v2\/comments?post=19004"}],"version-history":[{"count":1,"href":"http:\/\/staging.ibermusicas.org\/index.php\/wp-json\/wp\/v2\/posts\/19004\/revisions"}],"predecessor-version":[{"id":19005,"href":"http:\/\/staging.ibermusicas.org\/index.php\/wp-json\/wp\/v2\/posts\/19004\/revisions\/19005"}],"wp:featuredmedia":[{"embeddable":true,"href":"http:\/\/staging.ibermusicas.org\/index.php\/wp-json\/wp\/v2\/media\/19002"}],"wp:attachment":[{"href":"http:\/\/staging.ibermusicas.org\/index.php\/wp-json\/wp\/v2\/media?parent=19004"}],"wp:term":[{"taxonomy":"category","embeddable":true,"href":"http:\/\/staging.ibermusicas.org\/index.php\/wp-json\/wp\/v2\/categories?post=19004"},{"taxonomy":"post_tag","embeddable":true,"href":"http:\/\/staging.ibermusicas.org\/index.php\/wp-json\/wp\/v2\/tags?post=19004"}],"curies":[{"name":"wp","href":"https:\/\/api.w.org\/{rel}","templated":true}]}}