{"id":19006,"date":"2024-06-14T13:35:24","date_gmt":"2024-06-14T13:35:24","guid":{"rendered":"http:\/\/staging.ibermusicas.org\/?p=19006"},"modified":"2024-06-27T13:13:03","modified_gmt":"2024-06-27T13:13:03","slug":"natalia-esquivel-benitez-de-costa-rica-inicia-su-residencia-compositiva-en-espana-con-la-maestra-marta-lozano-molano","status":"publish","type":"post","link":"http:\/\/staging.ibermusicas.org\/index.php\/natalia-esquivel-benitez-de-costa-rica-inicia-su-residencia-compositiva-en-espana-con-la-maestra-marta-lozano-molano\/","title":{"rendered":"Natalia Esquivel Ben\u00edtez de Costa Rica inicia su residencia compositiva en Espa\u00f1a con la maestra Marta Lozano Molano"},"content":{"rendered":"<p>Natalia Esquivel Ben\u00edtez compositora, guitarrista y educadora costarricense, realizar\u00e1 el proyecto \u201cM\u00fasica social para guitarra\u201d (basado en el m\u00e9todo de composici\u00f3n musical de Marta Lozano Molano, Espa\u00f1a), el cual consiste en una suite de 17 composiciones para ni\u00f1os(as) y j\u00f3venes que invita a la reflexi\u00f3n sobre valores ecol\u00f3gicos y sociales, basados en los 17 ODS (objetivos de desarrollo sostenible de la ONU)<\/p>\n<p>&nbsp;<\/p>\n<p>Su proyecto se realizar\u00e1 durante tres semanas en C\u00e1ceres, Espa\u00f1a. \u00c9sta residencia incluye la revisi\u00f3n de su trabajo de composici\u00f3n bajo la direcci\u00f3n de Marta Lozano Molano por medio de mentor\u00eda, visitas de estudio y organizaci\u00f3n de conciertos en el \u00e1rea rural de C\u00e1ceres.<\/p>\n<p>&nbsp;<\/p>\n<p>En esta estad\u00eda de tres semanas, que cuenta con el apoyo del Programa Iberm\u00fasicas, se trabajar\u00e1 con el enfoque de m\u00e9todo de m\u00fasica social de Marta Lozano Molano para guitarra y medio ambiente, inspirados en los valores de los ODS, cuyo resultado ser\u00e1n peque\u00f1as obras para ni\u00f1os\/as) y j\u00f3venes que refuercen la educaci\u00f3n musical y la ecol\u00f3gica.<\/p>\n<p>&nbsp;<\/p>\n<p>Natalia Esquivel Ben\u00edtez, costarricense, compositora, poeta, guitarrista, int\u00e9rprete, educadora e investigadora, es autora de canciones y trabajos de musicalizaci\u00f3n de poes\u00edas costarricenses y de otros pa\u00edses; canciones con letras propias, as\u00ed como tambi\u00e9n, piezas instrumentales para guitarra y m\u00fasica de c\u00e1mara. Asimismo, ha desarrollado importantes proyectos pedag\u00f3gicos como gestora cultural independiente en comunidades en riesgo social. Cuenta con 5 producciones discogr\u00e1ficas y publicaci\u00f3n de poemarios, cancioneros y libros educativos.<\/p>\n<p>&nbsp;<\/p>\n<p>Es m\u00e1ster en Educaci\u00f3n Musical y en Entornos Virtuales de Aprendizaje con especialidades en Neuroeducaci\u00f3n, Desarrollo Sostenible y el m\u00e9todo musical Orff Schulwerk. Adem\u00e1s,es\u00a0 miembro de la Asociaci\u00f3n Costarricense de Escritoras (ACE) y de la Asociaci\u00f3n de Autores Musicales de Costa Rica (ACAM).<\/p>\n<p>&nbsp;<\/p>\n<p>Actualmente, se desempe\u00f1a como acad\u00e9mica de la universidad T\u00e9cnica Nacional en el \u00e1rea de Formaci\u00f3n Human\u00edstica; y como asesora pedag\u00f3gica regional de educaci\u00f3n musical en el Ministerio de Educaci\u00f3n P\u00fablica de Costa Rica (MEP). Como artista independiente desarrolla espect\u00e1culos interdisciplinarios con m\u00fasica, poes\u00eda, danza y artes visuales y emprende actividades de gesti\u00f3n cultural y educativa de manera independiente.<\/p>\n<p>&nbsp;<\/p>\n<p>Marta Lozano Molano, es espa\u00f1ola, compositora de m\u00fasica social, activista del medio rural y presidenta de Wazo Coop, cooperativa de iniciativa social sin \u00e1nimo de lucro extreme\u00f1a que trabaja con la Econom\u00eda social y Solidaria y las Industrias Creativas y Culturales para generar impacto positivo en el medio rural de Espa\u00f1a y Europa.<\/p>\n<p>&nbsp;<\/p>\n<p>Adem\u00e1s, es evaluadora experta de proyectos de cooperaci\u00f3n cultural y musical internacional de Creative Europe en la Agencia Ejecutiva de Educaci\u00f3n, Audiovisual y Cultura de la Comisi\u00f3n Europea. Recientemente, ha publicado su libro titulado \u00abM\u00fasica Social\u00bb, m\u00e9todo de composici\u00f3n musical y piano que facilita la educaci\u00f3n en valores en j\u00f3venes de acuerdo a los 17 Objetivos de Desarrollo Sostenible de la Agenda 2030 de Naciones Unidas.<\/p>\n<p>&nbsp;<\/p>\n<p>Este proyecto de Natalia Esquivel Ben\u00edtez cuenta con el apoyo de Iberm\u00fasicas mediante sus ayudas a compositoras y compositores para Residencias Art\u00edsticas.<\/p>\n<p>&nbsp;<\/p>\n<p>&nbsp;<\/p>\n<ul>\n<li>Del 17 de junio al 8 de julio del 2024 en C\u00e1ceres, Comunidad de Extremadura, Espa\u00f1a<\/li>\n<\/ul>\n","protected":false},"excerpt":{"rendered":"<p>Natalia Esquivel Ben\u00edtez compositora, guitarrista y educadora costarricense, realizar\u00e1 el proyecto \u201cM\u00fasica social para guitarra\u201d (basado en el m\u00e9todo de composici\u00f3n musical de Marta Lozano Molano, Espa\u00f1a), el cual consiste en una suite de 17 composiciones para ni\u00f1os(as) y j\u00f3venes que invita a la reflexi\u00f3n sobre valores ecol\u00f3gicos y sociales, basados en los 17 ODS [&hellip;]<\/p>\n","protected":false},"author":7,"featured_media":19007,"comment_status":"closed","ping_status":"closed","sticky":false,"template":"","format":"standard","meta":{"footnotes":""},"categories":[53],"tags":[],"class_list":["post-19006","post","type-post","status-publish","format-standard","has-post-thumbnail","hentry","category-noticias-generales"],"lang":"es","translations":{"es":19006,"pt":19009},"pll_sync_post":[],"post_mailing_queue_ids":[],"_links":{"self":[{"href":"http:\/\/staging.ibermusicas.org\/index.php\/wp-json\/wp\/v2\/posts\/19006","targetHints":{"allow":["GET"]}}],"collection":[{"href":"http:\/\/staging.ibermusicas.org\/index.php\/wp-json\/wp\/v2\/posts"}],"about":[{"href":"http:\/\/staging.ibermusicas.org\/index.php\/wp-json\/wp\/v2\/types\/post"}],"author":[{"embeddable":true,"href":"http:\/\/staging.ibermusicas.org\/index.php\/wp-json\/wp\/v2\/users\/7"}],"replies":[{"embeddable":true,"href":"http:\/\/staging.ibermusicas.org\/index.php\/wp-json\/wp\/v2\/comments?post=19006"}],"version-history":[{"count":1,"href":"http:\/\/staging.ibermusicas.org\/index.php\/wp-json\/wp\/v2\/posts\/19006\/revisions"}],"predecessor-version":[{"id":19008,"href":"http:\/\/staging.ibermusicas.org\/index.php\/wp-json\/wp\/v2\/posts\/19006\/revisions\/19008"}],"wp:featuredmedia":[{"embeddable":true,"href":"http:\/\/staging.ibermusicas.org\/index.php\/wp-json\/wp\/v2\/media\/19007"}],"wp:attachment":[{"href":"http:\/\/staging.ibermusicas.org\/index.php\/wp-json\/wp\/v2\/media?parent=19006"}],"wp:term":[{"taxonomy":"category","embeddable":true,"href":"http:\/\/staging.ibermusicas.org\/index.php\/wp-json\/wp\/v2\/categories?post=19006"},{"taxonomy":"post_tag","embeddable":true,"href":"http:\/\/staging.ibermusicas.org\/index.php\/wp-json\/wp\/v2\/tags?post=19006"}],"curies":[{"name":"wp","href":"https:\/\/api.w.org\/{rel}","templated":true}]}}