{"id":19009,"date":"2024-06-14T13:36:46","date_gmt":"2024-06-14T13:36:46","guid":{"rendered":"http:\/\/staging.ibermusicas.org\/?p=19009"},"modified":"2024-06-27T13:28:16","modified_gmt":"2024-06-27T13:28:16","slug":"natalia-esquivel-benitez-da-costa-rica-inicia-a-sua-residencia-de-composicao-em-espanha-com-a-professora-marta-lozano-molano","status":"publish","type":"post","link":"http:\/\/staging.ibermusicas.org\/index.php\/natalia-esquivel-benitez-da-costa-rica-inicia-a-sua-residencia-de-composicao-em-espanha-com-a-professora-marta-lozano-molano\/","title":{"rendered":"Natalia Esquivel Ben\u00edtez, da Costa Rica, inicia a sua resid\u00eancia de composi\u00e7\u00e3o em Espanha com a professora Marta Lozano Molano"},"content":{"rendered":"<p>Natalia Esquivel Ben\u00edtez, compositora, guitarrista e educadora da Costa Rica, vai realizar o projeto \u201cM\u00fasica social para guitarra\u201d (baseado no m\u00e9todo de composi\u00e7\u00e3o musical de Marta Lozano Molano, Espanha), que consiste numa suite de 17 composi\u00e7\u00f5es para crian\u00e7as e jovens que convidam \u00e0 reflex\u00e3o sobre valores ecol\u00f3gicos e sociais, com base nos 17 ODS (Objectivos de Desenvolvimento Sustent\u00e1vel da ONU).<\/p>\n<p>&nbsp;<\/p>\n<p>O seu projeto ter\u00e1 lugar durante tr\u00eas semanas em C\u00e1ceres, Espanha. Esta resid\u00eancia inclui a revis\u00e3o do seu trabalho de composi\u00e7\u00e3o sob a dire\u00e7\u00e3o de Marta Lozano Molano atrav\u00e9s de tutoria, visitas de estudo e organiza\u00e7\u00e3o de concertos na zona rural de C\u00e1ceres.<\/p>\n<p>&nbsp;<\/p>\n<p>Durante esta estadia de tr\u00eas semanas, que conta com o apoio do Programa Iberm\u00fasicas, trabalhar\u00e3o com a abordagem do m\u00e9todo de m\u00fasica social de Marta Lozano Molano para guitarra e ambiente, inspirada nos valores dos ODS, que resultar\u00e1 em pequenas obras para crian\u00e7as e jovens que refor\u00e7am a educa\u00e7\u00e3o musical e ecol\u00f3gica.<\/p>\n<p>&nbsp;<\/p>\n<p>Natalia Esquivel Ben\u00edtez, compositora, poeta, guitarrista, int\u00e9rprete, educadora e investigadora costa-riquenha, \u00e9 autora de can\u00e7\u00f5es e obras de musicaliza\u00e7\u00e3o de poesia costa-riquenha e estrangeira; can\u00e7\u00f5es com letras pr\u00f3prias, bem como pe\u00e7as instrumentais para guitarra e m\u00fasica de c\u00e2mara. Desenvolveu tamb\u00e9m importantes projectos pedag\u00f3gicos como gestora cultural independente em comunidades em risco social. Produziu 5 grava\u00e7\u00f5es discogr\u00e1ficas e publicou livros de poesia, cancioneiros e livros did\u00e1ticos.<\/p>\n<p>&nbsp;<\/p>\n<p>\u00c9 mestre em Educa\u00e7\u00e3o Musical e Ambientes Virtuais de Aprendizagem, com especializa\u00e7\u00f5es em Neuroeduca\u00e7\u00e3o, Desenvolvimento Sustent\u00e1vel e no m\u00e9todo musical Orff Schulwerk. \u00c9 tamb\u00e9m membro da Associa\u00e7\u00e3o de Escritoras da Costa Rica (ACE) e da Associa\u00e7\u00e3o de Autores Musicais da Costa Rica (ACAM).<\/p>\n<p>&nbsp;<\/p>\n<p>Atualmente, trabalha como acad\u00e9mica na Universidade T\u00e9cnica Nacional na \u00e1rea da Educa\u00e7\u00e3o Human\u00edstica e como assessora pedag\u00f3gica regional para a educa\u00e7\u00e3o musical no Minist\u00e9rio da Educa\u00e7\u00e3o P\u00fablica da Costa Rica (MEP). Como artista independente, desenvolve performances interdisciplinares com m\u00fasica, poesia, dan\u00e7a e artes visuais e desenvolve actividades de gest\u00e3o cultural e educacional de forma independente.<\/p>\n<p>&nbsp;<\/p>\n<p>Marta Lozano Molano \u00e9 uma compositora espanhola de m\u00fasica social, ativista rural e presidente da Wazo Coop, uma cooperativa de iniciativa social sem fins lucrativos da Extremadura que trabalha com a Economia Social e Solid\u00e1ria e as Ind\u00fastrias Criativas e Culturais para gerar um impacto positivo nas zonas rurais de Espanha e da Europa.<\/p>\n<p>&nbsp;<\/p>\n<p>\u00c9 tamb\u00e9m perita avaliadora de projectos internacionais de coopera\u00e7\u00e3o cultural e musical para a Europa Criativa na Ag\u00eancia de Execu\u00e7\u00e3o relativa \u00e0 Educa\u00e7\u00e3o, ao Audiovisual e \u00e0 Cultura da Comiss\u00e3o Europeia. Publicou recentemente o seu livro intitulado \u201cM\u00fasica Social\u201d, um m\u00e9todo de composi\u00e7\u00e3o musical e piano que facilita a educa\u00e7\u00e3o em valores nos jovens, de acordo com os 17 Objectivos de Desenvolvimento Sustent\u00e1vel da Agenda 2030 das Na\u00e7\u00f5es Unidas.<\/p>\n<p>&nbsp;<\/p>\n<p>Este projeto de Natalia Esquivel Ben\u00edtez \u00e9 apoiado pelo Iberm\u00fasicas atrav\u00e9s das suas ajudas a compositorasa e compositores para Resid\u00eancias Art\u00edsticas.<\/p>\n<p>&nbsp;<\/p>\n<ul>\n<li>De 17 de junho a 8 de julho de 2024 em C\u00e1ceres, Extremadura, Espanha.<\/li>\n<\/ul>\n","protected":false},"excerpt":{"rendered":"<p>Natalia Esquivel Ben\u00edtez, compositora, guitarrista e educadora da Costa Rica, vai realizar o projeto \u201cM\u00fasica social para guitarra\u201d (baseado no m\u00e9todo de composi\u00e7\u00e3o musical de Marta Lozano Molano, Espanha), que consiste numa suite de 17 composi\u00e7\u00f5es para crian\u00e7as e jovens que convidam \u00e0 reflex\u00e3o sobre valores ecol\u00f3gicos e sociais, com base nos 17 ODS (Objectivos [&hellip;]<\/p>\n","protected":false},"author":7,"featured_media":19007,"comment_status":"closed","ping_status":"closed","sticky":false,"template":"","format":"standard","meta":{"footnotes":""},"categories":[218],"tags":[],"class_list":["post-19009","post","type-post","status-publish","format-standard","has-post-thumbnail","hentry","category-noticias-generales-pt"],"lang":"pt","translations":{"pt":19009,"es":19006},"pll_sync_post":[],"post_mailing_queue_ids":[],"_links":{"self":[{"href":"http:\/\/staging.ibermusicas.org\/index.php\/wp-json\/wp\/v2\/posts\/19009","targetHints":{"allow":["GET"]}}],"collection":[{"href":"http:\/\/staging.ibermusicas.org\/index.php\/wp-json\/wp\/v2\/posts"}],"about":[{"href":"http:\/\/staging.ibermusicas.org\/index.php\/wp-json\/wp\/v2\/types\/post"}],"author":[{"embeddable":true,"href":"http:\/\/staging.ibermusicas.org\/index.php\/wp-json\/wp\/v2\/users\/7"}],"replies":[{"embeddable":true,"href":"http:\/\/staging.ibermusicas.org\/index.php\/wp-json\/wp\/v2\/comments?post=19009"}],"version-history":[{"count":1,"href":"http:\/\/staging.ibermusicas.org\/index.php\/wp-json\/wp\/v2\/posts\/19009\/revisions"}],"predecessor-version":[{"id":19010,"href":"http:\/\/staging.ibermusicas.org\/index.php\/wp-json\/wp\/v2\/posts\/19009\/revisions\/19010"}],"wp:featuredmedia":[{"embeddable":true,"href":"http:\/\/staging.ibermusicas.org\/index.php\/wp-json\/wp\/v2\/media\/19007"}],"wp:attachment":[{"href":"http:\/\/staging.ibermusicas.org\/index.php\/wp-json\/wp\/v2\/media?parent=19009"}],"wp:term":[{"taxonomy":"category","embeddable":true,"href":"http:\/\/staging.ibermusicas.org\/index.php\/wp-json\/wp\/v2\/categories?post=19009"},{"taxonomy":"post_tag","embeddable":true,"href":"http:\/\/staging.ibermusicas.org\/index.php\/wp-json\/wp\/v2\/tags?post=19009"}],"curies":[{"name":"wp","href":"https:\/\/api.w.org\/{rel}","templated":true}]}}