{"id":19014,"date":"2024-06-14T13:39:30","date_gmt":"2024-06-14T13:39:30","guid":{"rendered":"http:\/\/staging.ibermusicas.org\/?p=19014"},"modified":"2024-06-27T13:28:10","modified_gmt":"2024-06-27T13:28:10","slug":"a-banda-portuguesa-curcumbia-realiza-a-sua-tournee-migracion-cumbiera","status":"publish","type":"post","link":"http:\/\/staging.ibermusicas.org\/index.php\/a-banda-portuguesa-curcumbia-realiza-a-sua-tournee-migracion-cumbiera\/","title":{"rendered":"A banda portuguesa Curcumbia realiza a sua tourn\u00e9e \u201cMigraci\u00f3n Cumbiera\u201d"},"content":{"rendered":"<p>Migraci\u00f3n cumbiera \u00e9 o novo tour que vem a levar a banda Portuguesa Curcumbia at\u00e9 Europa central, apresentando seu novo material e realizando concertos de interc\u00e2mbio cultural com comunidades latinoamericanas e portuguesas na Alemanha.<\/p>\n<p>&nbsp;<\/p>\n<p>Curcumbia \u00e9 uma banda multicultural de cumbia e ritmos afro-latinos, com membros de Portugal, Chile, Argentina, It\u00e1lia e Brasil, que trabalham como artistas independentes. Seus princ\u00edpios s\u00e3o compartilhar a alegria da diversidade, a simplicidade e beleza da natureza, e a energia das misturas de m\u00fasicas do mundo.<\/p>\n<p>&nbsp;<\/p>\n<p>A digress\u00e3o do Curcumbia \u00e9 apoiada pelo Programa Iberm\u00fasicas atrav\u00e9s das suas Ajudas ao Sector Musical para a Circula\u00e7\u00e3o.<\/p>\n<p>&nbsp;<\/p>\n<p>&nbsp;<\/p>\n<ul>\n<li>22 de junho, T\u00fcbinger Lichtenstein, Schwabstr. 6, 72074 T\u00fcbingen, Alemanha<\/li>\n<\/ul>\n","protected":false},"excerpt":{"rendered":"<p>Migraci\u00f3n cumbiera \u00e9 o novo tour que vem a levar a banda Portuguesa Curcumbia at\u00e9 Europa central, apresentando seu novo material e realizando concertos de interc\u00e2mbio cultural com comunidades latinoamericanas e portuguesas na Alemanha. &nbsp; Curcumbia \u00e9 uma banda multicultural de cumbia e ritmos afro-latinos, com membros de Portugal, Chile, Argentina, It\u00e1lia e Brasil, que [&hellip;]<\/p>\n","protected":false},"author":7,"featured_media":19012,"comment_status":"closed","ping_status":"closed","sticky":false,"template":"","format":"standard","meta":{"footnotes":""},"categories":[218],"tags":[],"class_list":["post-19014","post","type-post","status-publish","format-standard","has-post-thumbnail","hentry","category-noticias-generales-pt"],"lang":"pt","translations":{"pt":19014,"es":19011},"pll_sync_post":[],"post_mailing_queue_ids":[],"_links":{"self":[{"href":"http:\/\/staging.ibermusicas.org\/index.php\/wp-json\/wp\/v2\/posts\/19014","targetHints":{"allow":["GET"]}}],"collection":[{"href":"http:\/\/staging.ibermusicas.org\/index.php\/wp-json\/wp\/v2\/posts"}],"about":[{"href":"http:\/\/staging.ibermusicas.org\/index.php\/wp-json\/wp\/v2\/types\/post"}],"author":[{"embeddable":true,"href":"http:\/\/staging.ibermusicas.org\/index.php\/wp-json\/wp\/v2\/users\/7"}],"replies":[{"embeddable":true,"href":"http:\/\/staging.ibermusicas.org\/index.php\/wp-json\/wp\/v2\/comments?post=19014"}],"version-history":[{"count":1,"href":"http:\/\/staging.ibermusicas.org\/index.php\/wp-json\/wp\/v2\/posts\/19014\/revisions"}],"predecessor-version":[{"id":19015,"href":"http:\/\/staging.ibermusicas.org\/index.php\/wp-json\/wp\/v2\/posts\/19014\/revisions\/19015"}],"wp:featuredmedia":[{"embeddable":true,"href":"http:\/\/staging.ibermusicas.org\/index.php\/wp-json\/wp\/v2\/media\/19012"}],"wp:attachment":[{"href":"http:\/\/staging.ibermusicas.org\/index.php\/wp-json\/wp\/v2\/media?parent=19014"}],"wp:term":[{"taxonomy":"category","embeddable":true,"href":"http:\/\/staging.ibermusicas.org\/index.php\/wp-json\/wp\/v2\/categories?post=19014"},{"taxonomy":"post_tag","embeddable":true,"href":"http:\/\/staging.ibermusicas.org\/index.php\/wp-json\/wp\/v2\/tags?post=19014"}],"curies":[{"name":"wp","href":"https:\/\/api.w.org\/{rel}","templated":true}]}}