{"id":19016,"date":"2024-06-14T13:41:07","date_gmt":"2024-06-14T13:41:07","guid":{"rendered":"http:\/\/staging.ibermusicas.org\/?p=19016"},"modified":"2024-06-27T13:12:52","modified_gmt":"2024-06-27T13:12:52","slug":"comienza-la-residencia-del-compositor-chileno-luciano-laterra-en-el-laboratori-darts-contemplatives-de-tavertet-catalunya","status":"publish","type":"post","link":"http:\/\/staging.ibermusicas.org\/index.php\/comienza-la-residencia-del-compositor-chileno-luciano-laterra-en-el-laboratori-darts-contemplatives-de-tavertet-catalunya\/","title":{"rendered":"Comienza la residencia del compositor chileno Luciano Laterra en el Laboratori d\u2019Arts Contemplatives de Tavertet, Catalunya"},"content":{"rendered":"<p>Como parte de su investigaci\u00f3n en torno a la polirritmia, el estado contemplativo y la meditaci\u00f3n activa, el compositor compartir\u00e1 el proceso creativo de una nueva obra a partir de un concepto musical denominado \u00abSoliloquios\u00bb, pensada para piano preparado y electr\u00f3nica.<\/p>\n<p>&nbsp;<\/p>\n<p>La residencia tendr\u00e1 lugar en el Laboratori d\u2019Arts Contemplatives, ubicado en la localidad rural de Tavertet, resultando en un concierto \u00edntimo en la sala La Cova, ubicada en el mismo laboratorio. En este concierto el compositor compartir\u00e1 material in\u00e9dito, pensares y reflexiones en cuanto a la creatividad, adem\u00e1s de un repaso de sus \u00faltimos trabajos \u201cApolonia Series\u201d y \u201cChants\u201d.<\/p>\n<p>&nbsp;<\/p>\n<p>Luciano Laterra es compositor, pianista y productor. Investigador del ritmo en la m\u00fasica contempor\u00e1nea y el piano. Cuenta con dos \u00e1lbumes de su autor\u00eda y ha participado como productor e int\u00e9rprete en m\u00e1s de quince \u00e1lbumes y EPs de distintos artistas chilenos e internacionales ligados a la experimentaci\u00f3n musical, la danza contempor\u00e1nea y el arte audiovisual.<\/p>\n<p>&nbsp;<\/p>\n<p>Esta residencia de Luciano Laterra, cuenta con el apoyo de Iberm\u00fasicas mediante sus Ayudas para Residencias Art\u00edsticas, convocatoria 2023.<\/p>\n<p>&nbsp;<\/p>\n<p>&nbsp;<\/p>\n<p>&nbsp;<\/p>\n<ul>\n<li>Del 20 de junio al 8 de julio en Laboratori d\u2019Arts Contemplatives, ubicado en la localidad rural de Tavertet, Catalunya, Espa\u00f1a<\/li>\n<\/ul>\n","protected":false},"excerpt":{"rendered":"<p>Como parte de su investigaci\u00f3n en torno a la polirritmia, el estado contemplativo y la meditaci\u00f3n activa, el compositor compartir\u00e1 el proceso creativo de una nueva obra a partir de un concepto musical denominado \u00abSoliloquios\u00bb, pensada para piano preparado y electr\u00f3nica. &nbsp; La residencia tendr\u00e1 lugar en el Laboratori d\u2019Arts Contemplatives, ubicado en la localidad [&hellip;]<\/p>\n","protected":false},"author":7,"featured_media":19017,"comment_status":"closed","ping_status":"closed","sticky":false,"template":"","format":"standard","meta":{"footnotes":""},"categories":[53],"tags":[],"class_list":["post-19016","post","type-post","status-publish","format-standard","has-post-thumbnail","hentry","category-noticias-generales"],"lang":"es","translations":{"es":19016,"pt":19019},"pll_sync_post":[],"post_mailing_queue_ids":[],"_links":{"self":[{"href":"http:\/\/staging.ibermusicas.org\/index.php\/wp-json\/wp\/v2\/posts\/19016","targetHints":{"allow":["GET"]}}],"collection":[{"href":"http:\/\/staging.ibermusicas.org\/index.php\/wp-json\/wp\/v2\/posts"}],"about":[{"href":"http:\/\/staging.ibermusicas.org\/index.php\/wp-json\/wp\/v2\/types\/post"}],"author":[{"embeddable":true,"href":"http:\/\/staging.ibermusicas.org\/index.php\/wp-json\/wp\/v2\/users\/7"}],"replies":[{"embeddable":true,"href":"http:\/\/staging.ibermusicas.org\/index.php\/wp-json\/wp\/v2\/comments?post=19016"}],"version-history":[{"count":1,"href":"http:\/\/staging.ibermusicas.org\/index.php\/wp-json\/wp\/v2\/posts\/19016\/revisions"}],"predecessor-version":[{"id":19018,"href":"http:\/\/staging.ibermusicas.org\/index.php\/wp-json\/wp\/v2\/posts\/19016\/revisions\/19018"}],"wp:featuredmedia":[{"embeddable":true,"href":"http:\/\/staging.ibermusicas.org\/index.php\/wp-json\/wp\/v2\/media\/19017"}],"wp:attachment":[{"href":"http:\/\/staging.ibermusicas.org\/index.php\/wp-json\/wp\/v2\/media?parent=19016"}],"wp:term":[{"taxonomy":"category","embeddable":true,"href":"http:\/\/staging.ibermusicas.org\/index.php\/wp-json\/wp\/v2\/categories?post=19016"},{"taxonomy":"post_tag","embeddable":true,"href":"http:\/\/staging.ibermusicas.org\/index.php\/wp-json\/wp\/v2\/tags?post=19016"}],"curies":[{"name":"wp","href":"https:\/\/api.w.org\/{rel}","templated":true}]}}