{"id":19019,"date":"2024-06-14T13:42:39","date_gmt":"2024-06-14T13:42:39","guid":{"rendered":"http:\/\/staging.ibermusicas.org\/?p=19019"},"modified":"2024-06-27T13:28:02","modified_gmt":"2024-06-27T13:28:02","slug":"o-compositor-chileno-luciano-laterra-inicia-a-sua-residencia-no-laboratori-darts-contemplatives-em-tavertet-catalunha","status":"publish","type":"post","link":"http:\/\/staging.ibermusicas.org\/index.php\/o-compositor-chileno-luciano-laterra-inicia-a-sua-residencia-no-laboratori-darts-contemplatives-em-tavertet-catalunha\/","title":{"rendered":"O compositor chileno Luciano Laterra inicia a sua resid\u00eancia no Laboratori d&#8217;Arts Contemplatives em Tavertet, Catalunha"},"content":{"rendered":"<p>No \u00e2mbito da sua investiga\u00e7\u00e3o sobre a polirritmia, o estado contemplativo e a medita\u00e7\u00e3o ativa, o compositor partilhar\u00e1 o processo criativo de uma nova obra baseada num conceito musical denominado \u201cSoliloquios\u201d, concebida para piano preparado e eletr\u00f3nica.<\/p>\n<p>&nbsp;<\/p>\n<p>A resid\u00eancia ter\u00e1 lugar no Laboratori d&#8217;Arts Contemplatives, localizado na cidade rural de Tavertet, resultando num concerto intimista na sala La Cova, localizada no mesmo laborat\u00f3rio. Neste concerto, o compositor partilhar\u00e1 material in\u00e9dito, pensamentos e reflex\u00f5es sobre criatividade, bem como uma revis\u00e3o das suas \u00faltimas obras \u201cApolonia Series\u201d e \u201cChants\u201d.<\/p>\n<p>&nbsp;<\/p>\n<p>Luciano Laterra \u00e9 compositor, pianista e produtor. \u00c9 pesquisador do ritmo na m\u00fasica contempor\u00e2nea e do piano. Tem dois \u00e1lbuns pr\u00f3prios e participou como produtor e int\u00e9rprete em mais de quinze \u00e1lbuns e EPs de diferentes artistas chilenos e internacionais ligados \u00e0 experimenta\u00e7\u00e3o musical, \u00e0 dan\u00e7a contempor\u00e2nea e \u00e0 arte audiovisual.<\/p>\n<p>&nbsp;<\/p>\n<p>Esta resid\u00eancia de Luciano Laterra \u00e9 apoiada pelo Programa Iberm\u00fasicas atrav\u00e9s das suas Ajudas a Resid\u00eancias Art\u00edsticas, convocat\u00f3ria 2023.<\/p>\n<p>&nbsp;<\/p>\n<ul>\n<li>De 20 de junho a 8 de julho no Laboratori d&#8217;Arts Contemplatives, situado na localidade rural de Tavertet, Catalunha, Espanha<\/li>\n<\/ul>\n","protected":false},"excerpt":{"rendered":"<p>No \u00e2mbito da sua investiga\u00e7\u00e3o sobre a polirritmia, o estado contemplativo e a medita\u00e7\u00e3o ativa, o compositor partilhar\u00e1 o processo criativo de uma nova obra baseada num conceito musical denominado \u201cSoliloquios\u201d, concebida para piano preparado e eletr\u00f3nica. &nbsp; A resid\u00eancia ter\u00e1 lugar no Laboratori d&#8217;Arts Contemplatives, localizado na cidade rural de Tavertet, resultando num concerto [&hellip;]<\/p>\n","protected":false},"author":7,"featured_media":19017,"comment_status":"closed","ping_status":"closed","sticky":false,"template":"","format":"standard","meta":{"footnotes":""},"categories":[218],"tags":[],"class_list":["post-19019","post","type-post","status-publish","format-standard","has-post-thumbnail","hentry","category-noticias-generales-pt"],"lang":"pt","translations":{"pt":19019,"es":19016},"pll_sync_post":[],"post_mailing_queue_ids":[],"_links":{"self":[{"href":"http:\/\/staging.ibermusicas.org\/index.php\/wp-json\/wp\/v2\/posts\/19019","targetHints":{"allow":["GET"]}}],"collection":[{"href":"http:\/\/staging.ibermusicas.org\/index.php\/wp-json\/wp\/v2\/posts"}],"about":[{"href":"http:\/\/staging.ibermusicas.org\/index.php\/wp-json\/wp\/v2\/types\/post"}],"author":[{"embeddable":true,"href":"http:\/\/staging.ibermusicas.org\/index.php\/wp-json\/wp\/v2\/users\/7"}],"replies":[{"embeddable":true,"href":"http:\/\/staging.ibermusicas.org\/index.php\/wp-json\/wp\/v2\/comments?post=19019"}],"version-history":[{"count":1,"href":"http:\/\/staging.ibermusicas.org\/index.php\/wp-json\/wp\/v2\/posts\/19019\/revisions"}],"predecessor-version":[{"id":19020,"href":"http:\/\/staging.ibermusicas.org\/index.php\/wp-json\/wp\/v2\/posts\/19019\/revisions\/19020"}],"wp:featuredmedia":[{"embeddable":true,"href":"http:\/\/staging.ibermusicas.org\/index.php\/wp-json\/wp\/v2\/media\/19017"}],"wp:attachment":[{"href":"http:\/\/staging.ibermusicas.org\/index.php\/wp-json\/wp\/v2\/media?parent=19019"}],"wp:term":[{"taxonomy":"category","embeddable":true,"href":"http:\/\/staging.ibermusicas.org\/index.php\/wp-json\/wp\/v2\/categories?post=19019"},{"taxonomy":"post_tag","embeddable":true,"href":"http:\/\/staging.ibermusicas.org\/index.php\/wp-json\/wp\/v2\/tags?post=19019"}],"curies":[{"name":"wp","href":"https:\/\/api.w.org\/{rel}","templated":true}]}}