{"id":19027,"date":"2024-06-14T13:46:54","date_gmt":"2024-06-14T13:46:54","guid":{"rendered":"http:\/\/staging.ibermusicas.org\/?p=19027"},"modified":"2024-06-14T13:46:54","modified_gmt":"2024-06-14T13:46:54","slug":"caete-raiz-la-banda-nacida-en-la-chapada-diamantina-de-gira-internacional","status":"publish","type":"post","link":"http:\/\/staging.ibermusicas.org\/index.php\/caete-raiz-la-banda-nacida-en-la-chapada-diamantina-de-gira-internacional\/","title":{"rendered":"Caet\u00e9 Ra\u00edz, la banda nacida en la Chapada Diamantina, de gira internacional"},"content":{"rendered":"<p>La banda Caet\u00e9 Ra\u00edz, nacida en el Vale do Cap\u00e3o, sigue presentando su reci\u00e9n editado \u00e1lbum O Templo dos Cristais, y esta vez ser\u00e1 con una gira por Suiza y Alemania, con el apoyo del Estado de Bah\u00eda a trav\u00e9s de la Secretar\u00eda de Cultura y de FUNARTE a trav\u00e9s del Programa Iberm\u00fasicas.<\/p>\n<p>&nbsp;<\/p>\n<p>Caet\u00e9 Ra\u00edz evoca el tropicalismo de los a\u00f1os 60 y 70. El grupo realizar\u00e1 una gira de dos meses por Suiza y Alemania, actuando en centros culturales y festivales. En esta gira presentan el disco O Templo dos Cristais, una mezcla de afro-beat, reggae, ska, jazz y soul, todo con mucho sabor latino y brasile\u00f1o, integrando el portugu\u00e9s y el espa\u00f1ol y con una divertida puesta en escena.<\/p>\n<p>&nbsp;<\/p>\n<p>En 2018, seis m\u00fasicos de cuatro pa\u00edses diferentes (Argentina, Brasil, Chile y Colombia) se reunieron para compartir un estilo de vida muy sencillo, saludable, creativo y musical en un peque\u00f1o pueblo, Vale do Caet\u00e9 A\u00e7u, Vale do Cap\u00e3o, Chapada Diamantina, Brasil. As\u00ed naci\u00f3 Caet\u00e9 Ra\u00edz. La banda combina diversos g\u00e9neros musicales, junto con su presencia circense, creando una poderosa presencia visual en sus espect\u00e1culos, mientras gu\u00eda a los oyentes a trav\u00e9s de una ceremonia de danza en vivo, pasando por diferentes estados emocionales y ritmos.<\/p>\n<p>&nbsp;<\/p>\n<p>Desde su creaci\u00f3n, el grupo ha actuado con frecuencia en la escena musical brasile\u00f1a local, regional y nacional. R\u00e1pidamente fueron recibidos por el p\u00fablico con una efervescencia sorprendente.<\/p>\n<p>&nbsp;<\/p>\n<p>Las letras pretenden transmitir mensajes positivos, como la conciencia de la abundancia, la conexi\u00f3n con la naturaleza y que es posible vivir feliz en este mundo. Este valiente estado de presencia es la esencia de lo que se puede ver en el escenario con Caet\u00e9 Ra\u00edz.<\/p>\n<p>&nbsp;<\/p>\n<p>Esta gira cuenta con el apoyo de Iberm\u00fasicas mediante sus Ayudas al Sector Musical para la Circulaci\u00f3n, convocatoria 2023.<\/p>\n<p>&nbsp;<\/p>\n<p>&nbsp;<\/p>\n<ul>\n<li>28 de junio, 20.00 h &#8211; La Coutellerie Organisation &#8211; 1700 Friburgo, Suiza<\/li>\n<li>29 de junio, 20.00 h &#8211; La Bille Espace Culturel &#8211; Condemines 13, La Sarraz, Suiza<\/li>\n<li>2 de julio, 20.00 h &#8211; BierLab, Z\u00farich, Suiza<\/li>\n<li>3 de julio, 16.00 h &#8211; Red Fyah- Grabaci\u00f3n del canal Youtube &#8211; Z\u00farich, Suiza,<\/li>\n<li>6 de julio, 18.00 h &#8211; Restaurante Spedition &#8211; Baden, Suiza<\/li>\n<li>11 de julio, 19.00 h &#8211; Restaurante Aussicht Iselisberg, Iselisberg, Suiza<\/li>\n<li>12 de julio, 19.00 h &#8211; Centro cultural Rote Fabrik, Z\u00farich, Suiza<\/li>\n<li>18 de julio &#8211; Festival Pachamama, Suiza<\/li>\n<li>19 de julio, 17h &#8211; Wholen Summerbar, Wohlen, Suiza<\/li>\n<li>26\/27 de julio, 18h &#8211; Tropical Caravan Festival, Baden, Suiza<\/li>\n<li>1 de agosto, 15h &#8211; Siberian Summer Festival &#8211; Trogen &#8211; Suiza<\/li>\n<li>6 de agosto, 19h &#8211; Rotbar, Berl\u00edn, Alemania<\/li>\n<li>10 de agosto, 19h &#8211; Hinterhunti Atellier &#8211; Horgen &#8211; Suiza<\/li>\n<li>11 de agosto, 20h &#8211; Amboss Rampe Bar, Z\u00farich &#8211; Suiza<\/li>\n<\/ul>\n","protected":false},"excerpt":{"rendered":"<p>La banda Caet\u00e9 Ra\u00edz, nacida en el Vale do Cap\u00e3o, sigue presentando su reci\u00e9n editado \u00e1lbum O Templo dos Cristais, y esta vez ser\u00e1 con una gira por Suiza y Alemania, con el apoyo del Estado de Bah\u00eda a trav\u00e9s de la Secretar\u00eda de Cultura y de FUNARTE a trav\u00e9s del Programa Iberm\u00fasicas. &nbsp; Caet\u00e9 [&hellip;]<\/p>\n","protected":false},"author":7,"featured_media":19028,"comment_status":"closed","ping_status":"closed","sticky":false,"template":"","format":"standard","meta":{"footnotes":""},"categories":[53],"tags":[],"class_list":["post-19027","post","type-post","status-publish","format-standard","has-post-thumbnail","hentry","category-noticias-generales"],"lang":"es","translations":{"es":19027,"pt":19030},"pll_sync_post":[],"post_mailing_queue_ids":[],"_links":{"self":[{"href":"http:\/\/staging.ibermusicas.org\/index.php\/wp-json\/wp\/v2\/posts\/19027","targetHints":{"allow":["GET"]}}],"collection":[{"href":"http:\/\/staging.ibermusicas.org\/index.php\/wp-json\/wp\/v2\/posts"}],"about":[{"href":"http:\/\/staging.ibermusicas.org\/index.php\/wp-json\/wp\/v2\/types\/post"}],"author":[{"embeddable":true,"href":"http:\/\/staging.ibermusicas.org\/index.php\/wp-json\/wp\/v2\/users\/7"}],"replies":[{"embeddable":true,"href":"http:\/\/staging.ibermusicas.org\/index.php\/wp-json\/wp\/v2\/comments?post=19027"}],"version-history":[{"count":1,"href":"http:\/\/staging.ibermusicas.org\/index.php\/wp-json\/wp\/v2\/posts\/19027\/revisions"}],"predecessor-version":[{"id":19029,"href":"http:\/\/staging.ibermusicas.org\/index.php\/wp-json\/wp\/v2\/posts\/19027\/revisions\/19029"}],"wp:featuredmedia":[{"embeddable":true,"href":"http:\/\/staging.ibermusicas.org\/index.php\/wp-json\/wp\/v2\/media\/19028"}],"wp:attachment":[{"href":"http:\/\/staging.ibermusicas.org\/index.php\/wp-json\/wp\/v2\/media?parent=19027"}],"wp:term":[{"taxonomy":"category","embeddable":true,"href":"http:\/\/staging.ibermusicas.org\/index.php\/wp-json\/wp\/v2\/categories?post=19027"},{"taxonomy":"post_tag","embeddable":true,"href":"http:\/\/staging.ibermusicas.org\/index.php\/wp-json\/wp\/v2\/tags?post=19027"}],"curies":[{"name":"wp","href":"https:\/\/api.w.org\/{rel}","templated":true}]}}