{"id":19030,"date":"2024-06-14T13:51:08","date_gmt":"2024-06-14T13:51:08","guid":{"rendered":"http:\/\/staging.ibermusicas.org\/?p=19030"},"modified":"2024-06-14T13:51:08","modified_gmt":"2024-06-14T13:51:08","slug":"caete-raiz-a-banda-nascida-na-chapada-diamantina-de-turne-internacional","status":"publish","type":"post","link":"http:\/\/staging.ibermusicas.org\/index.php\/caete-raiz-a-banda-nascida-na-chapada-diamantina-de-turne-internacional\/","title":{"rendered":"Caet\u00e9 Raiz, a banda nascida na Chapada Diamantina, de turn\u00ea internacional"},"content":{"rendered":"<p>A banda Caet\u00e9 Raiz, nascida no Vale do Cap\u00e3o, continua apresentando o \u00e1lbum O Templo dos Cristais, recentemente lan\u00e7ado, e nesta ocasi\u00e3o vai ser com uma turn\u00ea pela Su\u00ed\u00e7a e Alemanha, contando com o apoio do Estado da Bahia atrav\u00e9s da Secretaria de Cultura e da FUNARTE atrav\u00e9s do Programa Iberm\u00fasicas.<\/p>\n<p>&nbsp;<\/p>\n<p>Caet\u00e9 Raiz remete ao tropicalismo dos 60 e 70s. A banda , ficar\u00e1 dois meses de turn\u00ea pela Su\u00ed\u00e7a e Alemanha, se apresentando em centros culturais e festivais. Apresenta nesta turn\u00ea o \u00e1lbum O Templo dos Cristais, mistura de afro-beat, reggae, ska, jazz e soul, tudo com muito tempero latino e brasileiro, integrando o portugu\u00eas e o espanhol e com uma performance divertida.<\/p>\n<p>&nbsp;<\/p>\n<p>Em 2018, seis m\u00fasicos de quatro pa\u00edses diferentes se encontraram compartilhando um estilo de vida muito simples, saud\u00e1vel, criativo e musical em um pequeno povoado, o Vale do Caet\u00e9 A\u00e7u, Vale do Cap\u00e3o, Chapada Diamantina, Brasil. Como resultado disso nasceu Caet\u00e9 Ra\u00edz. A banda combina diversos g\u00eaneros musicais, juntamente com sua presen\u00e7a circense, criando uma presen\u00e7a visual poderosa em seus shows, ao mesmo tempo em que guia os ouvintes atrav\u00e9s de uma cerim\u00f4nia de dan\u00e7a ao vivo, passando por diferentes estados emocionais e ritmos.<\/p>\n<p>&nbsp;<\/p>\n<p>Desde a sua cria\u00e7\u00e3o, a banda tem se apresentado frequentemente no cen\u00e1rio musical brasileiro local, regional e nacional. Foram rapidamente recebidos pelo p\u00fablico com uma efervesc\u00eancia surpreendente.<\/p>\n<p>&nbsp;<\/p>\n<p>As letras das m\u00fasicas tem como objetivo transmitir mensagens positivas como a consci\u00eancia da abund\u00e2ncia, a conex\u00e3o com a natureza e de que \u00e9 poss\u00edvel viver feliz neste mundo. Esse corajoso estado de presen\u00e7a \u00e9 a ess\u00eancia do que se pode ver no palco com Caet\u00e9 Raiz.<\/p>\n<p>&nbsp;<\/p>\n<p>Esta digress\u00e3o \u00e9 apoiada pelo Programa Iberm\u00fasicas atrav\u00e9s das Ayudas ao Sector Musical \u00e0 Circulaci\u00f3n, convite \u00e0 apresenta\u00e7\u00e3o de candidaturas 2023.<\/p>\n<p>&nbsp;<\/p>\n<ul>\n<li>Junho 28, 20h &#8211; La Coutellerie Organisation &#8211; 1700 Fribourg, Sui\u00e7a<\/li>\n<li>Junho 29, 20h &#8211; La Bille Espace Culturel &#8211; Condemines 13, La Sarraz, Sui\u00e7a<\/li>\n<li>Julho 2, 20h &#8211; BierLab, Zurich, Sui\u00e7a<\/li>\n<li>Julho 3, 16h &#8211; Red Fyah- Grava\u00e7\u00e3o Canal Youtube &#8211; Zurich, Sui\u00e7a,<\/li>\n<li>Julho 6, 18h &#8211; Restaurant Spedition &#8211; Baden, Su\u00ed\u00e7a<\/li>\n<li>Julho 11, 19h &#8211; Restaurant Aussicht Iselisberg, Iselisberg, Sui\u00e7a<\/li>\n<li>Julho 12, 19h &#8211; Rote Fabrik Centro Cultural, Zurich &#8211; Sui\u00e7a<\/li>\n<li>Julho 18 &#8211; Pachamama Festival, Sui\u00e7a<\/li>\n<li>Julho 19 17h &#8211; Wholen Summerbar, Wohlen, Sui\u00e7a,<\/li>\n<li>Julho 26\/27, 18h &#8211; Festival Tropical Caravan, Baden, Su\u00ed\u00e7a<\/li>\n<li>Agosto 1, 15h &#8211; Siberian Summer Festival &#8211; Trogen &#8211; Sui\u00e7a<\/li>\n<li>Agosto 6, 19h &#8211; Rotbar, Berlin, Alemanha<\/li>\n<li>Agosto 10, 19h &#8211; Hinterhunti Atellier &#8211; Horgen &#8211; Sui\u00e7a<\/li>\n<li>Agosto 11, 20h &#8211; Amboss Rampe Bar, Zurich &#8211; Sui\u00e7a<\/li>\n<\/ul>\n","protected":false},"excerpt":{"rendered":"<p>A banda Caet\u00e9 Raiz, nascida no Vale do Cap\u00e3o, continua apresentando o \u00e1lbum O Templo dos Cristais, recentemente lan\u00e7ado, e nesta ocasi\u00e3o vai ser com uma turn\u00ea pela Su\u00ed\u00e7a e Alemanha, contando com o apoio do Estado da Bahia atrav\u00e9s da Secretaria de Cultura e da FUNARTE atrav\u00e9s do Programa Iberm\u00fasicas. &nbsp; Caet\u00e9 Raiz remete [&hellip;]<\/p>\n","protected":false},"author":7,"featured_media":19028,"comment_status":"closed","ping_status":"closed","sticky":false,"template":"","format":"standard","meta":{"footnotes":""},"categories":[218],"tags":[],"class_list":["post-19030","post","type-post","status-publish","format-standard","has-post-thumbnail","hentry","category-noticias-generales-pt"],"lang":"pt","translations":{"pt":19030,"es":19027},"pll_sync_post":[],"post_mailing_queue_ids":[],"_links":{"self":[{"href":"http:\/\/staging.ibermusicas.org\/index.php\/wp-json\/wp\/v2\/posts\/19030","targetHints":{"allow":["GET"]}}],"collection":[{"href":"http:\/\/staging.ibermusicas.org\/index.php\/wp-json\/wp\/v2\/posts"}],"about":[{"href":"http:\/\/staging.ibermusicas.org\/index.php\/wp-json\/wp\/v2\/types\/post"}],"author":[{"embeddable":true,"href":"http:\/\/staging.ibermusicas.org\/index.php\/wp-json\/wp\/v2\/users\/7"}],"replies":[{"embeddable":true,"href":"http:\/\/staging.ibermusicas.org\/index.php\/wp-json\/wp\/v2\/comments?post=19030"}],"version-history":[{"count":1,"href":"http:\/\/staging.ibermusicas.org\/index.php\/wp-json\/wp\/v2\/posts\/19030\/revisions"}],"predecessor-version":[{"id":19031,"href":"http:\/\/staging.ibermusicas.org\/index.php\/wp-json\/wp\/v2\/posts\/19030\/revisions\/19031"}],"wp:featuredmedia":[{"embeddable":true,"href":"http:\/\/staging.ibermusicas.org\/index.php\/wp-json\/wp\/v2\/media\/19028"}],"wp:attachment":[{"href":"http:\/\/staging.ibermusicas.org\/index.php\/wp-json\/wp\/v2\/media?parent=19030"}],"wp:term":[{"taxonomy":"category","embeddable":true,"href":"http:\/\/staging.ibermusicas.org\/index.php\/wp-json\/wp\/v2\/categories?post=19030"},{"taxonomy":"post_tag","embeddable":true,"href":"http:\/\/staging.ibermusicas.org\/index.php\/wp-json\/wp\/v2\/tags?post=19030"}],"curies":[{"name":"wp","href":"https:\/\/api.w.org\/{rel}","templated":true}]}}