{"id":19032,"date":"2024-06-14T14:08:11","date_gmt":"2024-06-14T14:08:11","guid":{"rendered":"http:\/\/staging.ibermusicas.org\/?p=19032"},"modified":"2024-06-27T13:12:14","modified_gmt":"2024-06-27T13:12:14","slug":"marcepax-de-chile-comienza-su-residencia-para-compositores-de-la-mano-del-grupo-bahia-y-su-director-el-maestro-hugo-candelario-gonzalez-sevillano","status":"publish","type":"post","link":"http:\/\/staging.ibermusicas.org\/index.php\/marcepax-de-chile-comienza-su-residencia-para-compositores-de-la-mano-del-grupo-bahia-y-su-director-el-maestro-hugo-candelario-gonzalez-sevillano\/","title":{"rendered":"Marcepax de Chile, Comienza su residencia para compositores de la mano del grupo Bah\u00eda y su director, el maestro Hugo Candelario Gonz\u00e1lez Sevillano"},"content":{"rendered":"<p>La artista multidisciplinaria Marcepax, es una cantante, actriz, compositora, productora musical y directora teatral chilena, que lleva adelante una indagaci\u00f3n en los ritmos afrolatinos y una mezcla musical l\u00fadica, muy ecl\u00e9ctica y dif\u00edcil de clasificar. El Balaf\u00f3n, (instrumento idi\u00f3fono africano) ha sido clave en sus composiciones.<\/p>\n<p>&nbsp;<\/p>\n<p>Marcepax realizar\u00e1 su residencia para compositores del \u201cProyecto Paxci\u0301fica\u201d, mentori\u0301a en composicio\u0301n y produccio\u0301n musical al estilo mu\u0301sical del Paci\u0301fico Colombiano, con el Grupo Bahi\u0301a, y su maestro fundador, don Hugo Candelario Gonzalez Sevillano\u201d<\/p>\n<p>&nbsp;<\/p>\n<p>Con esta mentor\u00eda Marcepax busca profundizar en las ra\u00edces musicales afrolatinas, adentr\u00e1ndose en los ritmos del Pac\u00edfico colombiano, de la mano de una de las agrupaciones cultoras m\u00e1s emblem\u00e1ticas\u00a0 en este g\u00e9nero: El grupo Bah\u00eda.<\/p>\n<p>&nbsp;<\/p>\n<p>La reconocida agrupaci\u00f3n se caracteriza por un fiel empe\u00f1o en conservar las ra\u00edces, el sentimiento y la espiritualidad de la m\u00fasica del Pac\u00edfico colombiano, mediante la investigaci\u00f3n, la creaci\u00f3n y la difusi\u00f3n de esta m\u00fasica, que se caracteriza en muchas de sus manifestaciones, por el uso de la marimba de chonta , el \u201cpiano de la selva\u201d.<\/p>\n<p>&nbsp;<\/p>\n<p>Se trata de una residencia que cuenta con el apoyo de Iberm\u00fasicas dentro de la l\u00ednea de Ayudas al Sector Musical para Residencias Art\u00edsticas, convocatoria 2023.<\/p>\n<p>&nbsp;<\/p>\n<ul>\n<li>Mes de junio. Santiago de Cali, Valle del Cauca, Colombia<\/li>\n<\/ul>\n","protected":false},"excerpt":{"rendered":"<p>La artista multidisciplinaria Marcepax, es una cantante, actriz, compositora, productora musical y directora teatral chilena, que lleva adelante una indagaci\u00f3n en los ritmos afrolatinos y una mezcla musical l\u00fadica, muy ecl\u00e9ctica y dif\u00edcil de clasificar. El Balaf\u00f3n, (instrumento idi\u00f3fono africano) ha sido clave en sus composiciones. &nbsp; Marcepax realizar\u00e1 su residencia para compositores del \u201cProyecto [&hellip;]<\/p>\n","protected":false},"author":7,"featured_media":19033,"comment_status":"closed","ping_status":"closed","sticky":false,"template":"","format":"standard","meta":{"footnotes":""},"categories":[53],"tags":[],"class_list":["post-19032","post","type-post","status-publish","format-standard","has-post-thumbnail","hentry","category-noticias-generales"],"lang":"es","translations":{"es":19032,"pt":19035},"pll_sync_post":[],"post_mailing_queue_ids":[],"_links":{"self":[{"href":"http:\/\/staging.ibermusicas.org\/index.php\/wp-json\/wp\/v2\/posts\/19032","targetHints":{"allow":["GET"]}}],"collection":[{"href":"http:\/\/staging.ibermusicas.org\/index.php\/wp-json\/wp\/v2\/posts"}],"about":[{"href":"http:\/\/staging.ibermusicas.org\/index.php\/wp-json\/wp\/v2\/types\/post"}],"author":[{"embeddable":true,"href":"http:\/\/staging.ibermusicas.org\/index.php\/wp-json\/wp\/v2\/users\/7"}],"replies":[{"embeddable":true,"href":"http:\/\/staging.ibermusicas.org\/index.php\/wp-json\/wp\/v2\/comments?post=19032"}],"version-history":[{"count":1,"href":"http:\/\/staging.ibermusicas.org\/index.php\/wp-json\/wp\/v2\/posts\/19032\/revisions"}],"predecessor-version":[{"id":19034,"href":"http:\/\/staging.ibermusicas.org\/index.php\/wp-json\/wp\/v2\/posts\/19032\/revisions\/19034"}],"wp:featuredmedia":[{"embeddable":true,"href":"http:\/\/staging.ibermusicas.org\/index.php\/wp-json\/wp\/v2\/media\/19033"}],"wp:attachment":[{"href":"http:\/\/staging.ibermusicas.org\/index.php\/wp-json\/wp\/v2\/media?parent=19032"}],"wp:term":[{"taxonomy":"category","embeddable":true,"href":"http:\/\/staging.ibermusicas.org\/index.php\/wp-json\/wp\/v2\/categories?post=19032"},{"taxonomy":"post_tag","embeddable":true,"href":"http:\/\/staging.ibermusicas.org\/index.php\/wp-json\/wp\/v2\/tags?post=19032"}],"curies":[{"name":"wp","href":"https:\/\/api.w.org\/{rel}","templated":true}]}}