{"id":19035,"date":"2024-06-14T14:09:31","date_gmt":"2024-06-14T14:09:31","guid":{"rendered":"http:\/\/staging.ibermusicas.org\/?p=19035"},"modified":"2024-06-27T13:27:49","modified_gmt":"2024-06-27T13:27:49","slug":"marcepax-do-chile-inicia-a-sua-residencia-para-compositores-com-o-grupo-bahia-e-o-seu-diretor-o-maestro-hugo-candelario-gonzalez-sevillano","status":"publish","type":"post","link":"http:\/\/staging.ibermusicas.org\/index.php\/marcepax-do-chile-inicia-a-sua-residencia-para-compositores-com-o-grupo-bahia-e-o-seu-diretor-o-maestro-hugo-candelario-gonzalez-sevillano\/","title":{"rendered":"Marcepax, do Chile, inicia a sua resid\u00eancia para compositores com o grupo Bah\u00eda e o seu diretor, o maestro Hugo Candelario Gonz\u00e1lez Sevillano"},"content":{"rendered":"<p>A artista multidisciplinar Marcepax \u00e9 uma cantora, atriz, compositora, produtora musical e directora de teatro chilena, que leva adiante uma pesquisa de ritmos afro-latinos e uma mistura musical l\u00fadica, muito ecl\u00e9tica e dif\u00edcil de classificar. O balafon (um instrumento idiofone africano) tem sido fundamental nas suas composi\u00e7\u00f5es.<\/p>\n<p>&nbsp;<\/p>\n<p>Marcepax realizar\u00e1 a sua resid\u00eancia para compositores do \u201cProjeto Paxc\u00edfica\u201d, tutor\u00eda em composi\u00e7\u00e3o e produ\u00e7\u00e3o musical no estilo do Pac\u00edfico colombiano, com o Grupo Bah\u00eda, e o seu mestre fundador, don Hugo Candelario Gonzalez Sevillano\u201d.<\/p>\n<p>&nbsp;<\/p>\n<p>Com esta tutoria, Marcepax procura aprofundar as ra\u00edzes musicais afro-latinas, mergulhando nos ritmos do Pac\u00edfico colombiano, de m\u00e3os dadas com um dos grupos culturais mais emblem\u00e1ticos deste g\u00e9nero: o Grupo Bah\u00eda.<\/p>\n<p>&nbsp;<\/p>\n<p>O renomado grupo caracteriza-se por um compromisso fiel de preservar as ra\u00edzes, o sentimento e a espiritualidade da m\u00fasica do Pac\u00edfico colombiano, atrav\u00e9s da pesquisa, cria\u00e7\u00e3o e divulga\u00e7\u00e3o desta m\u00fasica, que se caracteriza, em muitas das suas manifesta\u00e7\u00f5es, pelo uso da marimba de chonta, o \u201cpiano da selva\u201d.<\/p>\n<p>&nbsp;<\/p>\n<p>Esta resid\u00eancia \u00e9 apoiada pelo Programa Iberm\u00fasicas no \u00e2mbito da linha das Ajudas ao Sector da M\u00fasica para Resid\u00eancias Art\u00edsticas, convocat\u00f3ria 2023.<\/p>\n<p>&nbsp;<\/p>\n<ul>\n<li>M\u00eas de junho. Santiago de Cali, Valle del Cauca, Col\u00f4mbia<\/li>\n<\/ul>\n","protected":false},"excerpt":{"rendered":"<p>A artista multidisciplinar Marcepax \u00e9 uma cantora, atriz, compositora, produtora musical e directora de teatro chilena, que leva adiante uma pesquisa de ritmos afro-latinos e uma mistura musical l\u00fadica, muito ecl\u00e9tica e dif\u00edcil de classificar. O balafon (um instrumento idiofone africano) tem sido fundamental nas suas composi\u00e7\u00f5es. &nbsp; Marcepax realizar\u00e1 a sua resid\u00eancia para compositores [&hellip;]<\/p>\n","protected":false},"author":7,"featured_media":19033,"comment_status":"closed","ping_status":"closed","sticky":false,"template":"","format":"standard","meta":{"footnotes":""},"categories":[218],"tags":[],"class_list":["post-19035","post","type-post","status-publish","format-standard","has-post-thumbnail","hentry","category-noticias-generales-pt"],"lang":"pt","translations":{"pt":19035,"es":19032},"pll_sync_post":[],"post_mailing_queue_ids":[],"_links":{"self":[{"href":"http:\/\/staging.ibermusicas.org\/index.php\/wp-json\/wp\/v2\/posts\/19035","targetHints":{"allow":["GET"]}}],"collection":[{"href":"http:\/\/staging.ibermusicas.org\/index.php\/wp-json\/wp\/v2\/posts"}],"about":[{"href":"http:\/\/staging.ibermusicas.org\/index.php\/wp-json\/wp\/v2\/types\/post"}],"author":[{"embeddable":true,"href":"http:\/\/staging.ibermusicas.org\/index.php\/wp-json\/wp\/v2\/users\/7"}],"replies":[{"embeddable":true,"href":"http:\/\/staging.ibermusicas.org\/index.php\/wp-json\/wp\/v2\/comments?post=19035"}],"version-history":[{"count":1,"href":"http:\/\/staging.ibermusicas.org\/index.php\/wp-json\/wp\/v2\/posts\/19035\/revisions"}],"predecessor-version":[{"id":19036,"href":"http:\/\/staging.ibermusicas.org\/index.php\/wp-json\/wp\/v2\/posts\/19035\/revisions\/19036"}],"wp:featuredmedia":[{"embeddable":true,"href":"http:\/\/staging.ibermusicas.org\/index.php\/wp-json\/wp\/v2\/media\/19033"}],"wp:attachment":[{"href":"http:\/\/staging.ibermusicas.org\/index.php\/wp-json\/wp\/v2\/media?parent=19035"}],"wp:term":[{"taxonomy":"category","embeddable":true,"href":"http:\/\/staging.ibermusicas.org\/index.php\/wp-json\/wp\/v2\/categories?post=19035"},{"taxonomy":"post_tag","embeddable":true,"href":"http:\/\/staging.ibermusicas.org\/index.php\/wp-json\/wp\/v2\/tags?post=19035"}],"curies":[{"name":"wp","href":"https:\/\/api.w.org\/{rel}","templated":true}]}}