{"id":19037,"date":"2024-06-14T14:10:55","date_gmt":"2024-06-14T14:10:55","guid":{"rendered":"http:\/\/staging.ibermusicas.org\/?p=19037"},"modified":"2024-06-14T14:10:55","modified_gmt":"2024-06-14T14:10:55","slug":"el-duo-chileno-integrado-por-las-hermanas-daniela-y-yorka-pastenes-viaja-a-mexico-para-formar-parte-de-las-sesiones-de-composicion-de-warner-chappel","status":"publish","type":"post","link":"http:\/\/staging.ibermusicas.org\/index.php\/el-duo-chileno-integrado-por-las-hermanas-daniela-y-yorka-pastenes-viaja-a-mexico-para-formar-parte-de-las-sesiones-de-composicion-de-warner-chappel\/","title":{"rendered":"El d\u00fao chileno integrado por las hermanas Daniela y Yorka Pastenes viaja a M\u00e9xico para formar parte de las sesiones de composici\u00f3n de Warner Chappel"},"content":{"rendered":"<p>Yorka es un d\u00fao vocal integrado por las hermanas Pastenes de Santiago de Chile. Su estilo original fusiona el pop, el folk, la m\u00fasica latina y el rock. Actuales ganadoras de la gaviota de plata en la competencia internacional del Festival de Vi\u00f1a del Mar\u00a0 2023. Desde su debut en 2015 han logrado consolidarse en la escena musical chilena y latinoamericana, visitando Estados Unidos, M\u00e9xico, Brasil, Per\u00fa, Colombia y Argentina siendo parte del line up de ferias y festivales internacionales como SXSW, BIME, Vive Latino, SIM Sao Paulo y Lollapalooza. Sus l\u00edricas tienen un mensaje de inclusi\u00f3n y diversidad que ha generado un impacto en su audiencia, convirti\u00e9ndolas en un referente para las nuevas generaciones de mujeres y artistas.<\/p>\n<p>&nbsp;<\/p>\n<p>Su\u00a0 \u00faltimo \u00e1lbum Chao fue producido por el reconocido productor chileno Cristi\u00e1n Heyne obteniendo el premio a Grabaci\u00f3n del a\u00f1o en los Premios Pulsar 2023 y \u201cCanci\u00f3n del A\u00f1o\u201d en los Premios Pulsar 2022 .<\/p>\n<p>&nbsp;<\/p>\n<p>Las sesiones de composici\u00f3n de Warner Chappel son actividades que potencian la creaci\u00f3n de canciones y al mismo tiempo el co-writting entre artistas de distintas zonas geogr\u00e1ficas. En este caso la idea es potenciar el intercambio cultural entre Santiago de Chile y la Ciudad de M\u00e9xico agendando sesiones de trabajo entre distintos autores y productores de la ciudad. Estas sesiones incluyen el registro fonogr\u00e1fico de los demos que servir\u00e1n como base para el nuevo \u00e1lbum de Yorka. Por otra parte se potenciar\u00eda la estad\u00eda del d\u00fao con showcase privados y prensa local.<\/p>\n<p>&nbsp;<\/p>\n<p>La residencia de Yorka en las sesiones de composici\u00f3n de Warner Chappel cuentan con el apoyo de Iberm\u00fasicas mediante la l\u00ednea de Ayudas al Sector Musical para Residencias Art\u00edsticas, convocatoria 2023.<\/p>\n","protected":false},"excerpt":{"rendered":"<p>Yorka es un d\u00fao vocal integrado por las hermanas Pastenes de Santiago de Chile. Su estilo original fusiona el pop, el folk, la m\u00fasica latina y el rock. Actuales ganadoras de la gaviota de plata en la competencia internacional del Festival de Vi\u00f1a del Mar\u00a0 2023. Desde su debut en 2015 han logrado consolidarse en [&hellip;]<\/p>\n","protected":false},"author":7,"featured_media":19038,"comment_status":"closed","ping_status":"closed","sticky":false,"template":"","format":"standard","meta":{"footnotes":""},"categories":[53],"tags":[],"class_list":["post-19037","post","type-post","status-publish","format-standard","has-post-thumbnail","hentry","category-noticias-generales"],"lang":"es","translations":{"es":19037,"pt":19040},"pll_sync_post":[],"post_mailing_queue_ids":[],"_links":{"self":[{"href":"http:\/\/staging.ibermusicas.org\/index.php\/wp-json\/wp\/v2\/posts\/19037","targetHints":{"allow":["GET"]}}],"collection":[{"href":"http:\/\/staging.ibermusicas.org\/index.php\/wp-json\/wp\/v2\/posts"}],"about":[{"href":"http:\/\/staging.ibermusicas.org\/index.php\/wp-json\/wp\/v2\/types\/post"}],"author":[{"embeddable":true,"href":"http:\/\/staging.ibermusicas.org\/index.php\/wp-json\/wp\/v2\/users\/7"}],"replies":[{"embeddable":true,"href":"http:\/\/staging.ibermusicas.org\/index.php\/wp-json\/wp\/v2\/comments?post=19037"}],"version-history":[{"count":1,"href":"http:\/\/staging.ibermusicas.org\/index.php\/wp-json\/wp\/v2\/posts\/19037\/revisions"}],"predecessor-version":[{"id":19039,"href":"http:\/\/staging.ibermusicas.org\/index.php\/wp-json\/wp\/v2\/posts\/19037\/revisions\/19039"}],"wp:featuredmedia":[{"embeddable":true,"href":"http:\/\/staging.ibermusicas.org\/index.php\/wp-json\/wp\/v2\/media\/19038"}],"wp:attachment":[{"href":"http:\/\/staging.ibermusicas.org\/index.php\/wp-json\/wp\/v2\/media?parent=19037"}],"wp:term":[{"taxonomy":"category","embeddable":true,"href":"http:\/\/staging.ibermusicas.org\/index.php\/wp-json\/wp\/v2\/categories?post=19037"},{"taxonomy":"post_tag","embeddable":true,"href":"http:\/\/staging.ibermusicas.org\/index.php\/wp-json\/wp\/v2\/tags?post=19037"}],"curies":[{"name":"wp","href":"https:\/\/api.w.org\/{rel}","templated":true}]}}