{"id":19040,"date":"2024-06-14T14:12:08","date_gmt":"2024-06-14T14:12:08","guid":{"rendered":"http:\/\/staging.ibermusicas.org\/?p=19040"},"modified":"2024-06-14T14:12:08","modified_gmt":"2024-06-14T14:12:08","slug":"a-dupla-chilena-formada-pelas-irmas-daniela-e-yorka-pastenes-viaja-ate-ao-mexico-para-participar-nas-sessoes-de-composicao-de-warner-chappel","status":"publish","type":"post","link":"http:\/\/staging.ibermusicas.org\/index.php\/a-dupla-chilena-formada-pelas-irmas-daniela-e-yorka-pastenes-viaja-ate-ao-mexico-para-participar-nas-sessoes-de-composicao-de-warner-chappel\/","title":{"rendered":"A dupla chilena formada pelas irm\u00e3s Daniela e Yorka Pastenes viaja at\u00e9 ao M\u00e9xico para participar nas sess\u00f5es de composi\u00e7\u00e3o de Warner Chappel"},"content":{"rendered":"<p>Yorka \u00e9 um duo vocal formado pelas irm\u00e3s Pastenes de Santiago do Chile. O seu estilo original funde pop, folk, m\u00fasica latina e rock. S\u00e3o as actuais vencedoras da gaivota de prata no concurso internacional do Festival de Vi\u00f1a del Mar 2023. Desde a sua estreia em 2015, conseguiram consolidar-se na cena musical chilena e latino-americana, visitando os Estados Unidos, M\u00e9xico, Brasil, Peru, Col\u00f4mbia e Argentina, fazendo parte do line up de feiras e festivais internacionais como SXSW, BIME, Vive Latino, SIM S\u00e3o Paulo e Lollapalooza. As suas letras t\u00eam uma mensagem de inclus\u00e3o e diversidade que gerou um impacto no seu p\u00fablico, tornando-as uma refer\u00eancia para as novas gera\u00e7\u00f5es de mulheres e artistas.<\/p>\n<p>&nbsp;<\/p>\n<p>Seu \u00faltimo \u00e1lbum Chao foi produzido pelo renomado produtor chileno Cristi\u00e1n Heyne e ganhou o pr\u00eamio de Disco do Ano no Pr\u00eamio Pulsar 2023 e o de Can\u00e7\u00e3o do Ano no Pr\u00eamio Pulsar 2022.<\/p>\n<p>&nbsp;<\/p>\n<p>As sess\u00f5es de escrita de can\u00e7\u00f5es de Warner Chappel s\u00e3o actividades que promovem a cria\u00e7\u00e3o de can\u00e7\u00f5es e, ao mesmo tempo, a co-escrita entre artistas de diferentes \u00e1reas geogr\u00e1ficas. Neste caso, a ideia \u00e9 promover o interc\u00e2mbio cultural entre Santiago do Chile e a Cidade do M\u00e9xico, programando sess\u00f5es de trabalho entre diferentes autores e produtores da cidade. Estas sess\u00f5es incluem o registo fonogr\u00e1fico de demos que servir\u00e3o de base ao novo \u00e1lbum de Yorka. Por outro lado, a estadia da dupla ser\u00e1 enriquecida com showcases privados e imprensa local.<\/p>\n<p>&nbsp;<\/p>\n<p>A resid\u00eancia de Yorka nas sess\u00f5es de composi\u00e7\u00e3o da Warner Chappel \u00e9 apoiada pelo Programa Iberm\u00fasicas atrav\u00e9s da linha de Ajudas ao Sector Musical para Resid\u00eancias Art\u00edsticas, convocat\u00f3ria 2023.<\/p>\n","protected":false},"excerpt":{"rendered":"<p>Yorka \u00e9 um duo vocal formado pelas irm\u00e3s Pastenes de Santiago do Chile. O seu estilo original funde pop, folk, m\u00fasica latina e rock. S\u00e3o as actuais vencedoras da gaivota de prata no concurso internacional do Festival de Vi\u00f1a del Mar 2023. Desde a sua estreia em 2015, conseguiram consolidar-se na cena musical chilena e [&hellip;]<\/p>\n","protected":false},"author":7,"featured_media":19038,"comment_status":"closed","ping_status":"closed","sticky":false,"template":"","format":"standard","meta":{"footnotes":""},"categories":[218],"tags":[],"class_list":["post-19040","post","type-post","status-publish","format-standard","has-post-thumbnail","hentry","category-noticias-generales-pt"],"lang":"pt","translations":{"pt":19040,"es":19037},"pll_sync_post":[],"post_mailing_queue_ids":[],"_links":{"self":[{"href":"http:\/\/staging.ibermusicas.org\/index.php\/wp-json\/wp\/v2\/posts\/19040","targetHints":{"allow":["GET"]}}],"collection":[{"href":"http:\/\/staging.ibermusicas.org\/index.php\/wp-json\/wp\/v2\/posts"}],"about":[{"href":"http:\/\/staging.ibermusicas.org\/index.php\/wp-json\/wp\/v2\/types\/post"}],"author":[{"embeddable":true,"href":"http:\/\/staging.ibermusicas.org\/index.php\/wp-json\/wp\/v2\/users\/7"}],"replies":[{"embeddable":true,"href":"http:\/\/staging.ibermusicas.org\/index.php\/wp-json\/wp\/v2\/comments?post=19040"}],"version-history":[{"count":1,"href":"http:\/\/staging.ibermusicas.org\/index.php\/wp-json\/wp\/v2\/posts\/19040\/revisions"}],"predecessor-version":[{"id":19041,"href":"http:\/\/staging.ibermusicas.org\/index.php\/wp-json\/wp\/v2\/posts\/19040\/revisions\/19041"}],"wp:featuredmedia":[{"embeddable":true,"href":"http:\/\/staging.ibermusicas.org\/index.php\/wp-json\/wp\/v2\/media\/19038"}],"wp:attachment":[{"href":"http:\/\/staging.ibermusicas.org\/index.php\/wp-json\/wp\/v2\/media?parent=19040"}],"wp:term":[{"taxonomy":"category","embeddable":true,"href":"http:\/\/staging.ibermusicas.org\/index.php\/wp-json\/wp\/v2\/categories?post=19040"},{"taxonomy":"post_tag","embeddable":true,"href":"http:\/\/staging.ibermusicas.org\/index.php\/wp-json\/wp\/v2\/tags?post=19040"}],"curies":[{"name":"wp","href":"https:\/\/api.w.org\/{rel}","templated":true}]}}