{"id":19042,"date":"2024-06-14T14:13:28","date_gmt":"2024-06-14T14:13:28","guid":{"rendered":"http:\/\/staging.ibermusicas.org\/?p=19042"},"modified":"2024-08-01T19:02:42","modified_gmt":"2024-08-01T19:02:42","slug":"segundo-concierto-especial-de-la-orquesta-filarmonica-nacional-de-venezuela-dirigida-por-el-maestro-ruben-capriles-estrenando-obras-sinfonicas-premiadas-por-ibermusicas","status":"publish","type":"post","link":"http:\/\/staging.ibermusicas.org\/index.php\/segundo-concierto-especial-de-la-orquesta-filarmonica-nacional-de-venezuela-dirigida-por-el-maestro-ruben-capriles-estrenando-obras-sinfonicas-premiadas-por-ibermusicas\/","title":{"rendered":"Segundo concierto especial de la Orquesta Filarm\u00f3nica Nacional de Venezuela, dirigida por el Maestro Rub\u00e9n Capriles, estrenando obras sinf\u00f3nicas premiadas por Iberm\u00fasicas"},"content":{"rendered":"<p>Por d\u00e9cimo a\u00f1o consecutivo Iberm\u00fasicas lanz\u00f3 en 2023 un concurso de creaci\u00f3n de obras sinf\u00f3nicas con el prop\u00f3sito de fortalecer la creaci\u00f3n de obra sinf\u00f3nica nueva a fin de ampliar el repertorio iberoamericano en este campo, incentivando estas actividades con plena libertad creativa. Mediante este concurso fueron premiadas once obras in\u00e9ditas de compositores de Argentina, Brasil, Chile, Colombia, Cuba, Ecuador, Espa\u00f1a, M\u00e9xico, Panam\u00e1, Per\u00fa y Venezuela.<\/p>\n<p>&nbsp;<\/p>\n<p>La particularidad de este concurso ha sido que gracias a la participaci\u00f3n especial del Ministerio de Cultura de Cuba y del Ministerio del Poder Popular para la Cultura de Venezuela, las once obras est\u00e1n siendo estrenadas mediante conciertos especiales de la Orquesta Sinf\u00f3nica Nacional de Cuba y de la Orquesta Filarm\u00f3nica Nacional de Venezuela.<\/p>\n<p>&nbsp;<\/p>\n<p>Con gran alegr\u00eda, el Programa Iberm\u00fasicas se complace en anunciar el segundo de estos grandes conciertos que tendr\u00e1 lugar el domingo 16 de junio en una funci\u00f3n especial y exclusiva en la Sala Sim\u00f3n Bol\u00edvar del Centro de Acci\u00f3n Social por la M\u00fasica perteneciente a El Sistema, en la Ciudad de Caracas, Venezuela. All\u00ed la Orquesta Filarm\u00f3nica Nacional de Venezuela, bajo la batuta del Maestro Rub\u00e9n Capriles realizar\u00e1 los estrenos de \u00abSusurros I\u00bb de Daniel Toledo Guill\u00e9n (Cuba) y \u00abAval\u00f3n\u00bb de Jos\u00e9 Luis Valdivia Arias (Espa\u00f1a). El programa se completar\u00e1 con el Concierto para Piano y Orquesta de Modesta Bor (Venezuela) con la participaci\u00f3n del pianista Luis Sierra y \u00abLa Ciudad de los Techos Rojos\u00bb de Inocente Carre\u00f1o (Venezuela).<\/p>\n<p>&nbsp;<\/p>\n<p>La Orquesta Filarm\u00f3nica Nacional de Venezuela, cuerpo art\u00edstico de la Fundaci\u00f3n Compa\u00f1\u00eda Nacional de M\u00fasica adscrito al Ministerio del Poder Popular para la Cultura, fue fundada el 22 de julio de 1987 con el fin de fortalecer la identidad nacional mediante la difusi\u00f3n del repertorio sinf\u00f3nico venezolano. Es la orquesta que m\u00e1s oportunidades brinda a directores venezolanos, as\u00ed como a un gran n\u00famero de solistas internacionales. Ha logrado, mediante su talentoso cuerpo orquestal, interpretar magistralmente composiciones que incluyen estrenos nacionales, latinoamericanos y mundiales. La Orquesta Filarm\u00f3nica Nacional de Venezuela ha participado con gran \u00e9xito en importantes eventos musicales, que van desde la m\u00fasica sinf\u00f3nica hasta el montaje de espect\u00e1culos populares.<\/p>\n<p>&nbsp;<\/p>\n<p>Pr\u00f3ximamente se anunciar\u00e1n los estrenos de las obras que estar\u00e1n a cargo de la Orquesta Sinf\u00f3nica Nacional de Cuba.<\/p>\n<p>&nbsp;<\/p>\n<p>&nbsp;<\/p>\n<ul>\n<li>Domingo 30 de junio 16h, Sala Sim\u00f3n Bol\u00edvar del Centro de Acci\u00f3n Social por la M\u00fasica perteneciente a El Sistema, en la Ciudad de Caracas, Venezuela<\/li>\n<\/ul>\n","protected":false},"excerpt":{"rendered":"<p>Por d\u00e9cimo a\u00f1o consecutivo Iberm\u00fasicas lanz\u00f3 en 2023 un concurso de creaci\u00f3n de obras sinf\u00f3nicas con el prop\u00f3sito de fortalecer la creaci\u00f3n de obra sinf\u00f3nica nueva a fin de ampliar el repertorio iberoamericano en este campo, incentivando estas actividades con plena libertad creativa. Mediante este concurso fueron premiadas once obras in\u00e9ditas de compositores de Argentina, [&hellip;]<\/p>\n","protected":false},"author":7,"featured_media":19043,"comment_status":"closed","ping_status":"closed","sticky":false,"template":"","format":"standard","meta":{"footnotes":""},"categories":[53],"tags":[],"class_list":["post-19042","post","type-post","status-publish","format-standard","has-post-thumbnail","hentry","category-noticias-generales"],"lang":"es","translations":{"es":19042,"pt":19045},"pll_sync_post":[],"post_mailing_queue_ids":[],"_links":{"self":[{"href":"http:\/\/staging.ibermusicas.org\/index.php\/wp-json\/wp\/v2\/posts\/19042","targetHints":{"allow":["GET"]}}],"collection":[{"href":"http:\/\/staging.ibermusicas.org\/index.php\/wp-json\/wp\/v2\/posts"}],"about":[{"href":"http:\/\/staging.ibermusicas.org\/index.php\/wp-json\/wp\/v2\/types\/post"}],"author":[{"embeddable":true,"href":"http:\/\/staging.ibermusicas.org\/index.php\/wp-json\/wp\/v2\/users\/7"}],"replies":[{"embeddable":true,"href":"http:\/\/staging.ibermusicas.org\/index.php\/wp-json\/wp\/v2\/comments?post=19042"}],"version-history":[{"count":1,"href":"http:\/\/staging.ibermusicas.org\/index.php\/wp-json\/wp\/v2\/posts\/19042\/revisions"}],"predecessor-version":[{"id":19044,"href":"http:\/\/staging.ibermusicas.org\/index.php\/wp-json\/wp\/v2\/posts\/19042\/revisions\/19044"}],"wp:featuredmedia":[{"embeddable":true,"href":"http:\/\/staging.ibermusicas.org\/index.php\/wp-json\/wp\/v2\/media\/19043"}],"wp:attachment":[{"href":"http:\/\/staging.ibermusicas.org\/index.php\/wp-json\/wp\/v2\/media?parent=19042"}],"wp:term":[{"taxonomy":"category","embeddable":true,"href":"http:\/\/staging.ibermusicas.org\/index.php\/wp-json\/wp\/v2\/categories?post=19042"},{"taxonomy":"post_tag","embeddable":true,"href":"http:\/\/staging.ibermusicas.org\/index.php\/wp-json\/wp\/v2\/tags?post=19042"}],"curies":[{"name":"wp","href":"https:\/\/api.w.org\/{rel}","templated":true}]}}