{"id":19045,"date":"2024-06-14T14:15:18","date_gmt":"2024-06-14T14:15:18","guid":{"rendered":"http:\/\/staging.ibermusicas.org\/?p=19045"},"modified":"2024-08-01T19:08:52","modified_gmt":"2024-08-01T19:08:52","slug":"segundo-concerto-especial-da-orquesta-filarmonica-nacional-de-venezuela-dirigida-pelo-maestro-ruben-capriles-com-a-estreia-de-obras-sinfonicas-premiadas-pelo-programa-ibermusicas","status":"publish","type":"post","link":"http:\/\/staging.ibermusicas.org\/index.php\/segundo-concerto-especial-da-orquesta-filarmonica-nacional-de-venezuela-dirigida-pelo-maestro-ruben-capriles-com-a-estreia-de-obras-sinfonicas-premiadas-pelo-programa-ibermusicas\/","title":{"rendered":"Segundo concerto especial da Orquesta Filarm\u00f3nica Nacional de Venezuela, dirigida pelo Maestro Rub\u00e9n Capriles, com a estreia de obras sinf\u00f3nicas premiadas pelo Programa Iberm\u00fasicas"},"content":{"rendered":"<p>Pelo d\u00e9cimo ano consecutivo, o Programa Iberm\u00fasicas lan\u00e7ou em 2023 um concurso para a cria\u00e7\u00e3o de obras sinf\u00f3nicas com o objetivo de fortalecer a cria\u00e7\u00e3o de novas obras para ampliar o repert\u00f3rio ibero-americano neste campo, incentivando estas atividades com plena liberdade criativa. Neste concurso foram premiadas onze obras in\u00e9ditas de compositores da Argentina, Brasil, Chile, Col\u00f4mbia, Cuba, Equador, Espanha, M\u00e9xico, Panam\u00e1, Peru e Venezuela.<\/p>\n<p>&nbsp;<\/p>\n<p>A particularidade deste concurso foi que, gra\u00e7as \u00e0 participa\u00e7\u00e3o especial do Minist\u00e9rio da Cultura de Cuba e do Minist\u00e9rio do Poder Popular para a Cultura da Venezuela, as onze obras est\u00e3o a ser estreadas em concertos especiais pela Orquestra Sinf\u00f3nica Nacional de Cuba e pela Orquestra Filarm\u00f3nica Nacional da Venezuela.<\/p>\n<p>&nbsp;<\/p>\n<p>Com grande alegria, o Programa Iberm\u00fasicas tem o prazer de anunciar o segundo destes grandes concertos que ter\u00e1 lugar no domingo, 16 de junho, numa atua\u00e7\u00e3o especial e exclusiva na Sala Sim\u00f3n Bol\u00edvar do Centro de Acci\u00f3n Social por la M\u00fasica pertencente a El Sistema, na cidade de Caracas, Venezuela. A\u00ed, a Orquesta Filarm\u00f3nica Nacional de Venezuela, sob a dire\u00e7\u00e3o do Maestro Rub\u00e9n Capriles, interpretar\u00e1 as estreias de \u00abSusurros I\u00bb de Daniel Toledo Guill\u00e9n (Cuba) y \u00abAval\u00f3n\u00bb de Jos\u00e9 Luis Valdivia Arias (Espanha). O programa ser\u00e1 completado com o Concerto para Piano e Orquestra de Modesta Bor (Venezuela) com o pianista Luis Sierra. e \u201cLa Ciudad de los Techos Rojos\u201d de Inocente Carre\u00f1o: (Venezuela)<\/p>\n<p>&nbsp;<\/p>\n<p>A Orquestra Filarm\u00f3nica Nacional de Venezuela, corpo art\u00edstico da Funda\u00e7\u00e3o Companhia Nacional de M\u00fasica, dependente do Ministerio del Poder Popular para la Cultura, foi fundada em 22 de julho de 1987 com o objetivo de refor\u00e7ar a identidade nacional atrav\u00e9s da difus\u00e3o do repert\u00f3rio sinf\u00f3nico venezuelano. \u00c9 a orquestra que oferece mais oportunidades aos maestros venezuelanos, bem como a um grande n\u00famero de solistas internacionais. Atrav\u00e9s do seu talentoso corpo orquestral, tem conseguido executar com mestria composi\u00e7\u00f5es que incluem estreias nacionais, latino-americanas e mundiais. A Orquesta Filarm\u00f3nica Nacional de Venezuela tem participado com grande \u00eaxito em importantes eventos musicais, desde a m\u00fasica sinf\u00f3nica at\u00e9 \u00e0 encena\u00e7\u00e3o de espet\u00e1culos populares.<\/p>\n<p>&nbsp;<\/p>\n<p>As estreias das obras que ser\u00e3o interpretadas pela Orquestra Sinf\u00f3nica Nacional de Cuba ser\u00e3o anunciadas em breve.<\/p>\n<p>&nbsp;<\/p>\n<ul>\n<li>Domingo 30 de junho, 16h, Sala Sim\u00f3n Bol\u00edvar do Centro de Acci\u00f3n Social por la M\u00fasica pertencente a El Sistema, na cidade de Caracas, Venezuela.<\/li>\n<\/ul>\n","protected":false},"excerpt":{"rendered":"<p>Pelo d\u00e9cimo ano consecutivo, o Programa Iberm\u00fasicas lan\u00e7ou em 2023 um concurso para a cria\u00e7\u00e3o de obras sinf\u00f3nicas com o objetivo de fortalecer a cria\u00e7\u00e3o de novas obras para ampliar o repert\u00f3rio ibero-americano neste campo, incentivando estas atividades com plena liberdade criativa. Neste concurso foram premiadas onze obras in\u00e9ditas de compositores da Argentina, Brasil, Chile, [&hellip;]<\/p>\n","protected":false},"author":7,"featured_media":19043,"comment_status":"closed","ping_status":"closed","sticky":false,"template":"","format":"standard","meta":{"footnotes":""},"categories":[218],"tags":[],"class_list":["post-19045","post","type-post","status-publish","format-standard","has-post-thumbnail","hentry","category-noticias-generales-pt"],"lang":"pt","translations":{"pt":19045,"es":19042},"pll_sync_post":[],"post_mailing_queue_ids":[],"_links":{"self":[{"href":"http:\/\/staging.ibermusicas.org\/index.php\/wp-json\/wp\/v2\/posts\/19045","targetHints":{"allow":["GET"]}}],"collection":[{"href":"http:\/\/staging.ibermusicas.org\/index.php\/wp-json\/wp\/v2\/posts"}],"about":[{"href":"http:\/\/staging.ibermusicas.org\/index.php\/wp-json\/wp\/v2\/types\/post"}],"author":[{"embeddable":true,"href":"http:\/\/staging.ibermusicas.org\/index.php\/wp-json\/wp\/v2\/users\/7"}],"replies":[{"embeddable":true,"href":"http:\/\/staging.ibermusicas.org\/index.php\/wp-json\/wp\/v2\/comments?post=19045"}],"version-history":[{"count":1,"href":"http:\/\/staging.ibermusicas.org\/index.php\/wp-json\/wp\/v2\/posts\/19045\/revisions"}],"predecessor-version":[{"id":19046,"href":"http:\/\/staging.ibermusicas.org\/index.php\/wp-json\/wp\/v2\/posts\/19045\/revisions\/19046"}],"wp:featuredmedia":[{"embeddable":true,"href":"http:\/\/staging.ibermusicas.org\/index.php\/wp-json\/wp\/v2\/media\/19043"}],"wp:attachment":[{"href":"http:\/\/staging.ibermusicas.org\/index.php\/wp-json\/wp\/v2\/media?parent=19045"}],"wp:term":[{"taxonomy":"category","embeddable":true,"href":"http:\/\/staging.ibermusicas.org\/index.php\/wp-json\/wp\/v2\/categories?post=19045"},{"taxonomy":"post_tag","embeddable":true,"href":"http:\/\/staging.ibermusicas.org\/index.php\/wp-json\/wp\/v2\/tags?post=19045"}],"curies":[{"name":"wp","href":"https:\/\/api.w.org\/{rel}","templated":true}]}}