{"id":19170,"date":"2024-06-27T12:53:56","date_gmt":"2024-06-27T12:53:56","guid":{"rendered":"http:\/\/staging.ibermusicas.org\/?p=19170"},"modified":"2024-08-01T19:12:45","modified_gmt":"2024-08-01T19:12:45","slug":"el-programa-ibermusicas-invita-a-un-encuentro-abierto-con-su-unidad-tecnica-2","status":"publish","type":"post","link":"http:\/\/staging.ibermusicas.org\/index.php\/el-programa-ibermusicas-invita-a-un-encuentro-abierto-con-su-unidad-tecnica-2\/","title":{"rendered":"El Programa Iberm\u00fasicas invita a un encuentro abierto con su Unidad T\u00e9cnica"},"content":{"rendered":"<p>Con el \u00e1nimo de democratizar a\u00fan m\u00e1s el acceso a nuestras convocatorias y a la vez sentirnos m\u00e1s cerca todav\u00eda de todo el sector musical iberoamericano, Iberm\u00fasicas propone un encuentro virtual con la Unidad T\u00e9cnica del Programa. Ser\u00e1 un encuentro destinado a todas y todas los participantes que quieran sumarse.<\/p>\n<p>&nbsp;<\/p>\n<p>En este encuentro se abordar\u00e1n aspectos pr\u00e1cticos sobre cada una de las trece convocatorias 2024 para actividades 2025 y se compartir\u00e1n detalles y recomendaciones para ser aplicadas al momento de dise\u00f1ar y presentar los proyectos.<\/p>\n<p>&nbsp;<\/p>\n<p>Habr\u00e1 tres encuentros, uno destinado a los pa\u00edses de habla hispana, otro para los pa\u00edses de lengua portuguesa y un tercero, tambi\u00e9n en portugu\u00e9s en el cual se abordar\u00e1 especialmente la convocatoria \u00abViajes por la m\u00fasica en Lengua Portuguesa\u00bb destinada a los pa\u00edses de la CPLP (Comunidad de Pa\u00edses de L\u00edngua Portuguesa).<\/p>\n<p>Lunes 8 de julio<\/p>\n<ul>\n<li>10h COSTA RICA, M\u00c9XICO<\/li>\n<li>11h COLOMBIA, ECUADOR, PANAM\u00c1, PER\u00da<\/li>\n<li>12h CHILE, CUBA, PARAGUAY, VENEZUELA<\/li>\n<li>13h ARGENTINA, URUGUAY<\/li>\n<li>18h ESPA\u00d1A<\/li>\n<\/ul>\n<p>En el siguiente link: <a href=\"http:\/\/meet.jit.si\/Consejointergubernamentalibermusicas\">meet.jit.si\/Consejointergubernamentalibermusicas<\/a><\/p>\n","protected":false},"excerpt":{"rendered":"<p>Con el \u00e1nimo de democratizar a\u00fan m\u00e1s el acceso a nuestras convocatorias y a la vez sentirnos m\u00e1s cerca todav\u00eda de todo el sector musical iberoamericano, Iberm\u00fasicas propone un encuentro virtual con la Unidad T\u00e9cnica del Programa. Ser\u00e1 un encuentro destinado a todas y todas los participantes que quieran sumarse. &nbsp; En este encuentro se [&hellip;]<\/p>\n","protected":false},"author":7,"featured_media":19171,"comment_status":"closed","ping_status":"closed","sticky":false,"template":"","format":"standard","meta":{"footnotes":""},"categories":[53],"tags":[],"class_list":["post-19170","post","type-post","status-publish","format-standard","has-post-thumbnail","hentry","category-noticias-generales"],"lang":"es","translations":{"es":19170,"pt":19173},"pll_sync_post":[],"post_mailing_queue_ids":[],"_links":{"self":[{"href":"http:\/\/staging.ibermusicas.org\/index.php\/wp-json\/wp\/v2\/posts\/19170","targetHints":{"allow":["GET"]}}],"collection":[{"href":"http:\/\/staging.ibermusicas.org\/index.php\/wp-json\/wp\/v2\/posts"}],"about":[{"href":"http:\/\/staging.ibermusicas.org\/index.php\/wp-json\/wp\/v2\/types\/post"}],"author":[{"embeddable":true,"href":"http:\/\/staging.ibermusicas.org\/index.php\/wp-json\/wp\/v2\/users\/7"}],"replies":[{"embeddable":true,"href":"http:\/\/staging.ibermusicas.org\/index.php\/wp-json\/wp\/v2\/comments?post=19170"}],"version-history":[{"count":1,"href":"http:\/\/staging.ibermusicas.org\/index.php\/wp-json\/wp\/v2\/posts\/19170\/revisions"}],"predecessor-version":[{"id":19172,"href":"http:\/\/staging.ibermusicas.org\/index.php\/wp-json\/wp\/v2\/posts\/19170\/revisions\/19172"}],"wp:featuredmedia":[{"embeddable":true,"href":"http:\/\/staging.ibermusicas.org\/index.php\/wp-json\/wp\/v2\/media\/19171"}],"wp:attachment":[{"href":"http:\/\/staging.ibermusicas.org\/index.php\/wp-json\/wp\/v2\/media?parent=19170"}],"wp:term":[{"taxonomy":"category","embeddable":true,"href":"http:\/\/staging.ibermusicas.org\/index.php\/wp-json\/wp\/v2\/categories?post=19170"},{"taxonomy":"post_tag","embeddable":true,"href":"http:\/\/staging.ibermusicas.org\/index.php\/wp-json\/wp\/v2\/tags?post=19170"}],"curies":[{"name":"wp","href":"https:\/\/api.w.org\/{rel}","templated":true}]}}