{"id":19179,"date":"2024-06-27T13:06:22","date_gmt":"2024-06-27T13:06:22","guid":{"rendered":"http:\/\/staging.ibermusicas.org\/?p=19179"},"modified":"2024-06-27T13:06:50","modified_gmt":"2024-06-27T13:06:50","slug":"nicolas-farruggia-y-mauro-aguiar-presentan-su-nueva-cancion-humanamina-ganadora-del-ix-premio-ibermusicas-de-creacion-de-cancion-2","status":"publish","type":"post","link":"http:\/\/staging.ibermusicas.org\/index.php\/nicolas-farruggia-y-mauro-aguiar-presentan-su-nueva-cancion-humanamina-ganadora-del-ix-premio-ibermusicas-de-creacion-de-cancion-2\/","title":{"rendered":"Nicol\u00e1s Farruggia e Mauro Aguiar apresentam a sua nova can\u00e7\u00e3o \u00abHumanamina\u00bb, vencedora do IX Pr\u00eamio Iberm\u00fasicas para Cria\u00e7\u00e3o de Can\u00e7\u00f5es"},"content":{"rendered":"<p>Nestes tempos onde as diferen\u00e7as entre os humanos s\u00e3o alimentadas e exageradas, tanto na esfera do interpessoais como nas din\u00e2micas de maior escala,\u00a0 Nicol\u00e1s Farruggia (Portugal) e Mauro Aguiar (Brasil) s\u00e3o muito felizes em partilhar esta pequena can\u00e7\u00e3o que chama a aten\u00e7\u00e3o sobre uma quest\u00e3o singular: a igualdade nas diferen\u00e7as.\u00a0 Parece um paradoxo, mas n\u00e3o \u00e9. As diferen\u00e7as s\u00e3o aquilo que nos une e nos torna iguais na nossa condi\u00e7\u00e3o de diversidade humana. Sem um reconhecimento respeitoso e corajoso\u00a0 das diferen\u00e7as entres as partes, nenhum di\u00e1logo \u00e9 poss\u00edvel. E sem di\u00e1logo n\u00e3o crescemos e come\u00e7amos a nos enganar a n\u00f3s mesmos. O desejo \u00e9 que cada humano deste mundo aprenda a reconhecer-se e respeitar-se nas diferen\u00e7as do outro.<\/p>\n<p>&nbsp;<\/p>\n<p>Fizeram Humanamina: Anima\u00e7\u00e3o e capa de Anna Resmini, M\u00fasica de Nicol\u00e1s Farruggia, Letra de Mauro Aguiar. Gravada nos est\u00fadios Musib\u00e9ria de Serpa, Portugal. Mistura e masteriza\u00e7\u00e3o por Francisco Duque, Est\u00fadio Camale\u00e3o, Lisboa, Portugal<\/p>\n<p>&nbsp;<\/p>\n<p>Os m\u00fasicos foram: Nicol\u00e1s Farruggia &#8211; guitarra, voz, arranjos, Chiara Pellegrini &#8211; voz , Elena La Conte &#8211; flauta , Kristina van de Sand &#8211; violino, Mateja Dolsak &#8211; sax, Andrea Musio &#8211; obo\u00e9, Pedro Rodrigues &#8211; bateria e Roni Szabo &#8211; baixo.<\/p>\n<p>&nbsp;<\/p>\n<p>m\u00fasica:<\/p>\n<p><a href=\"https:\/\/open.spotify.com\/intl-es\/track\/2EI0PmDZRr1Ch6VlkDMTxp?si=be770d6dbdf64988\">https:\/\/open.spotify.com\/intl-es\/track\/2EI0PmDZRr1Ch6VlkDMTxp?si=be770d6dbdf64988<\/a><\/p>\n<p>&nbsp;<\/p>\n<p>v\u00eddeo: <a href=\"https:\/\/youtu.be\/VbS3Ys1Tzzg\">https:\/\/youtu.be\/VbS3Ys1Tzzg<\/a><\/p>\n","protected":false},"excerpt":{"rendered":"<p>Nestes tempos onde as diferen\u00e7as entre os humanos s\u00e3o alimentadas e exageradas, tanto na esfera do interpessoais como nas din\u00e2micas de maior escala,\u00a0 Nicol\u00e1s Farruggia (Portugal) e Mauro Aguiar (Brasil) s\u00e3o muito felizes em partilhar esta pequena can\u00e7\u00e3o que chama a aten\u00e7\u00e3o sobre uma quest\u00e3o singular: a igualdade nas diferen\u00e7as.\u00a0 Parece um paradoxo, mas n\u00e3o [&hellip;]<\/p>\n","protected":false},"author":7,"featured_media":19177,"comment_status":"closed","ping_status":"closed","sticky":false,"template":"","format":"standard","meta":{"footnotes":""},"categories":[218],"tags":[],"class_list":["post-19179","post","type-post","status-publish","format-standard","has-post-thumbnail","hentry","category-noticias-generales-pt"],"lang":"pt","translations":{"pt":19179,"es":19176},"pll_sync_post":[],"post_mailing_queue_ids":[],"_links":{"self":[{"href":"http:\/\/staging.ibermusicas.org\/index.php\/wp-json\/wp\/v2\/posts\/19179","targetHints":{"allow":["GET"]}}],"collection":[{"href":"http:\/\/staging.ibermusicas.org\/index.php\/wp-json\/wp\/v2\/posts"}],"about":[{"href":"http:\/\/staging.ibermusicas.org\/index.php\/wp-json\/wp\/v2\/types\/post"}],"author":[{"embeddable":true,"href":"http:\/\/staging.ibermusicas.org\/index.php\/wp-json\/wp\/v2\/users\/7"}],"replies":[{"embeddable":true,"href":"http:\/\/staging.ibermusicas.org\/index.php\/wp-json\/wp\/v2\/comments?post=19179"}],"version-history":[{"count":2,"href":"http:\/\/staging.ibermusicas.org\/index.php\/wp-json\/wp\/v2\/posts\/19179\/revisions"}],"predecessor-version":[{"id":19181,"href":"http:\/\/staging.ibermusicas.org\/index.php\/wp-json\/wp\/v2\/posts\/19179\/revisions\/19181"}],"wp:featuredmedia":[{"embeddable":true,"href":"http:\/\/staging.ibermusicas.org\/index.php\/wp-json\/wp\/v2\/media\/19177"}],"wp:attachment":[{"href":"http:\/\/staging.ibermusicas.org\/index.php\/wp-json\/wp\/v2\/media?parent=19179"}],"wp:term":[{"taxonomy":"category","embeddable":true,"href":"http:\/\/staging.ibermusicas.org\/index.php\/wp-json\/wp\/v2\/categories?post=19179"},{"taxonomy":"post_tag","embeddable":true,"href":"http:\/\/staging.ibermusicas.org\/index.php\/wp-json\/wp\/v2\/tags?post=19179"}],"curies":[{"name":"wp","href":"https:\/\/api.w.org\/{rel}","templated":true}]}}