{"id":19182,"date":"2024-06-27T13:08:37","date_gmt":"2024-06-27T13:08:37","guid":{"rendered":"http:\/\/staging.ibermusicas.org\/?p=19182"},"modified":"2024-08-01T19:02:54","modified_gmt":"2024-08-01T19:02:54","slug":"el-guitarrista-espanol-ignacio-rodes-se-presentara-en-el-festival-internacional-de-guitarra-ximenez-abril-de-peru","status":"publish","type":"post","link":"http:\/\/staging.ibermusicas.org\/index.php\/el-guitarrista-espanol-ignacio-rodes-se-presentara-en-el-festival-internacional-de-guitarra-ximenez-abril-de-peru\/","title":{"rendered":"El guitarrista espa\u00f1ol Ignacio Rodes se presentar\u00e1 en el Festival Internacional de Guitarra Xim\u00e9nez Abril de Per\u00fa"},"content":{"rendered":"<p>La cr\u00edtica internacional y los numerosos premios obtenidos (Francisco T\u00e1rrega, Andr\u00e9s Segovia y Jos\u00e9 Ram\u00edrez, entre otros) acreditan al Maestro Ignacio Rode como uno de los mejores guitarristas y profesores de su generaci\u00f3n. Nacido en Alicante, fue disc\u00edpulo de Jos\u00e9 Tom\u00e1s.<\/p>\n<p>&nbsp;<\/p>\n<p>A partir de su brillante debut en el Wigmore Hall de Londres en 1986, su carrera se desarroll\u00f3 r\u00e1pidamente, participando en festivales internacionales en la mayor\u00eda de pa\u00edses europeos, Estados Unidos, Sudam\u00e9rica, China, Jap\u00f3n, Turqu\u00eda y Vietnam. Ha actuado en importantes auditorios de todo el mundo.<\/p>\n<p>&nbsp;<\/p>\n<p>Destacan los conciertos y grabaciones como solista con la English Chamber Orchestra, Orquesta Filarm\u00f3nica de Belgrado, Hartford Symphony Orchestra, Camerata de San Petersburgo, Orquesta Sinf\u00f3nica de Antalya, Orchestre de Picardie, Zurich Chamber Players, Orquesta Sinf\u00f3nica de Ho Chi Minh, Orquestra Simf\u00f2nica de Barcelona, Real Filharmon\u00eda de Galicia, Orquesta del Palau de Les Arts, Orquesta Sinf\u00f3nica de Madrid, Orquesta Sinf\u00f3nica de Tenerife y ADDA Sinf\u00f3nica, entre otras. Ha hecho grabaciones para radio y TV en diversos pa\u00edses europeos y americanos. Su discograf\u00eda incluye cinco C, con las compa\u00f1\u00edas Opera Tres, Fundaci\u00f3n de M\u00fasica Contempor\u00e1nea y EMI Classics.<\/p>\n<p>&nbsp;<\/p>\n<p>En la actualidad compagina su labor concert\u00edstica con la docencia. Catedr\u00e1tico en el Conservatorio Superior de Alicante, Ignacio Rodes es director acad\u00e9mico y profesor del M\u00e1ster en Interpretaci\u00f3n de Guitarra de la Universidad de Alicante. Doctor en Filosof\u00eda y Letras por esta universidad, ha obtenido el Premio Juan Andr\u00e9s de Ensayo e Investigaci\u00f3n de Ciencias Humanas (2023) por su libro sobre el origen y la evoluci\u00f3n de la t\u00e9cnica guitarr\u00edstica, publicado por la editorial Verbum.<\/p>\n<p>&nbsp;<\/p>\n<p>El Festival Internacional de M\u00fasica \u201cXim\u00e9nez Abril\u201d, evento que cuenta con el aval de diferentes instituciones como el Ministerio de Cultura del Per\u00fa y la Comisi\u00f3n especial Bicentenario. A su vez cuenta con el apoyo de la Orquesta Sinf\u00f3nica de Cusco quien formar\u00e1 parte del programaci\u00f3n del festival en el 2024.<\/p>\n<p>&nbsp;<\/p>\n<p>Por medio de conciertos ben\u00e9ficos, clases magistrales y conferencias en diferentes ciudades, el festival propone el rescate, puesta en valor y celebraci\u00f3n de la m\u00fasica de este insigne personaje dentro de la historia del Per\u00fa.<\/p>\n<p>&nbsp;<\/p>\n<p>La vasta producci\u00f3n del compositor acad\u00e9mico peruano Pedro Xim\u00e9nez Abril Tirado, compuesta por m\u00e1s de 500 obras, aun cuando fuera escrita siglo y medio atr\u00e1s, puede catalogarse como novedosa, pues fue encontrada en el a\u00f1o 2004 y solo desde 2006 fue puesta a disposici\u00f3n del p\u00fablico en diversos archivos y bibliotecas de Bolivia, as\u00ed como en colecciones privadas.<\/p>\n<p>&nbsp;<\/p>\n<p>Pedro Xim\u00e9nez Abril Tirado (Arequipa 1784 &#8211; Sucre 1856) fue seg\u00fan el propio Bernardo Alcedo el m\u00fasico peruano m\u00e1s importante en aquel tiempo y su legado se ha convertido actualmente en un tesoro que corresponde rescatar y poner en valor. Su obra es comparable con la de sus pares europeos como Sor, Aguado y Giuliani o Mozart. Escribi\u00f3 40 sinfon\u00edas, 50 misas, cuartetos, Divertimentos, Ave Mar\u00edas, Conciertos, y decenas de obras para diferentes formaciones instrumentales.<\/p>\n<p>&nbsp;<\/p>\n<p>Esta serie de presentaciones del Maestro Ignacio Rodes en Lima y en Cusco, cuenta con el apoyo de Iberm\u00fasicas mediante su l\u00ednea de Ayudas al Sector Musical para la Circulaci\u00f3n, convocatoria 2023.<\/p>\n<p>&nbsp;<\/p>\n<ul>\n<li>Lunes 1 de julio, 19h: Concierto de guitarra cl\u00e1sica, Sala Alcedo del Teatro Municipal, Lima, Per\u00fa<\/li>\n<li>Martes 2 de julio, 10h: Clases Magistrales de Guitarra Cl\u00e1sica, Casa de la Cultura Criolla \u201cRosa Mercedes Ayarza\u201d, Lima, Per\u00fa<\/li>\n<li>Mi\u00e9rcoles 3 de julio, 10h: Clases Magistrales de Guitarra Cl\u00e1sica, Casa de la Cultura Criolla \u201cRosa Mercedes Ayarza\u201d, Lima, Per\u00fa<\/li>\n<li>Viernes 5 de julio 19h, Concierto de la Orquesta Sinf\u00f3nica del Cusco, Teatro Municipal<\/li>\n<\/ul>\n","protected":false},"excerpt":{"rendered":"<p>La cr\u00edtica internacional y los numerosos premios obtenidos (Francisco T\u00e1rrega, Andr\u00e9s Segovia y Jos\u00e9 Ram\u00edrez, entre otros) acreditan al Maestro Ignacio Rode como uno de los mejores guitarristas y profesores de su generaci\u00f3n. Nacido en Alicante, fue disc\u00edpulo de Jos\u00e9 Tom\u00e1s. &nbsp; A partir de su brillante debut en el Wigmore Hall de Londres en [&hellip;]<\/p>\n","protected":false},"author":7,"featured_media":19183,"comment_status":"closed","ping_status":"closed","sticky":false,"template":"","format":"standard","meta":{"footnotes":""},"categories":[53],"tags":[],"class_list":["post-19182","post","type-post","status-publish","format-standard","has-post-thumbnail","hentry","category-noticias-generales"],"lang":"es","translations":{"es":19182,"pt":19185},"pll_sync_post":[],"post_mailing_queue_ids":[],"_links":{"self":[{"href":"http:\/\/staging.ibermusicas.org\/index.php\/wp-json\/wp\/v2\/posts\/19182","targetHints":{"allow":["GET"]}}],"collection":[{"href":"http:\/\/staging.ibermusicas.org\/index.php\/wp-json\/wp\/v2\/posts"}],"about":[{"href":"http:\/\/staging.ibermusicas.org\/index.php\/wp-json\/wp\/v2\/types\/post"}],"author":[{"embeddable":true,"href":"http:\/\/staging.ibermusicas.org\/index.php\/wp-json\/wp\/v2\/users\/7"}],"replies":[{"embeddable":true,"href":"http:\/\/staging.ibermusicas.org\/index.php\/wp-json\/wp\/v2\/comments?post=19182"}],"version-history":[{"count":1,"href":"http:\/\/staging.ibermusicas.org\/index.php\/wp-json\/wp\/v2\/posts\/19182\/revisions"}],"predecessor-version":[{"id":19184,"href":"http:\/\/staging.ibermusicas.org\/index.php\/wp-json\/wp\/v2\/posts\/19182\/revisions\/19184"}],"wp:featuredmedia":[{"embeddable":true,"href":"http:\/\/staging.ibermusicas.org\/index.php\/wp-json\/wp\/v2\/media\/19183"}],"wp:attachment":[{"href":"http:\/\/staging.ibermusicas.org\/index.php\/wp-json\/wp\/v2\/media?parent=19182"}],"wp:term":[{"taxonomy":"category","embeddable":true,"href":"http:\/\/staging.ibermusicas.org\/index.php\/wp-json\/wp\/v2\/categories?post=19182"},{"taxonomy":"post_tag","embeddable":true,"href":"http:\/\/staging.ibermusicas.org\/index.php\/wp-json\/wp\/v2\/tags?post=19182"}],"curies":[{"name":"wp","href":"https:\/\/api.w.org\/{rel}","templated":true}]}}