{"id":19185,"date":"2024-06-27T13:11:07","date_gmt":"2024-06-27T13:11:07","guid":{"rendered":"http:\/\/staging.ibermusicas.org\/?p=19185"},"modified":"2024-08-01T19:08:24","modified_gmt":"2024-08-01T19:08:24","slug":"o-guitarrista-espanhol-ignacio-rodes-actuara-no-festival-internacional-de-guitarra-ximenez-abril-no-peru","status":"publish","type":"post","link":"http:\/\/staging.ibermusicas.org\/index.php\/o-guitarrista-espanhol-ignacio-rodes-actuara-no-festival-internacional-de-guitarra-ximenez-abril-no-peru\/","title":{"rendered":"O guitarrista espanhol Ignacio Rodes actuar\u00e1 no Festival Internacional de Guitarra Xim\u00e9nez abril, no Peru"},"content":{"rendered":"<p>A cr\u00edtica internacional e os numerosos pr\u00e9mios (Francisco T\u00e1rrega, Andr\u00e9s Segovia e Jos\u00e9 Ram\u00edrez, entre outros) reconhecem o Maestro Ignacio Rode como um dos melhores guitarristas e professores da sua gera\u00e7\u00e3o. Nascido em Alicante, foi disc\u00edpulo de Jos\u00e9 Tom\u00e1s.<\/p>\n<p>&nbsp;<\/p>\n<p>Desde a sua brilhante estreia no Wigmore Hall de Londres em 1986, a sua carreira desenvolveu-se rapidamente, participando em festivais internacionais na maioria dos pa\u00edses europeus, nos Estados Unidos, na Am\u00e9rica do Sul, na China, no Jap\u00e3o, na Turquia e no Vietname. Actuou nas principais salas de concerto de todo o mundo.<\/p>\n<p>&nbsp;<\/p>\n<p>Destacam-se os seus concertos e grava\u00e7\u00f5es como solista com a English Chamber Orchestra, Belgrade Philharmonic Orchestra, Hartford Symphony Orchestra, St. Petersburg Camerata, Antalya Symphony Orchestra, Orchestre de Picardie, Zurich Chamber Players, Ho Chi Minh City Symphony Orchestra, Barcelona Symphony Orchestra, Real Filharmon\u00eda de Galicia, Palau de Les Arts Orchestra, Madrid Symphony Orchestra, Tenerife Symphony Orchestra e ADDA Sinf\u00f3nica, entre outras. Realizou grava\u00e7\u00f5es para r\u00e1dio e televis\u00e3o em v\u00e1rios pa\u00edses europeus e americanos. A sua discografia inclui cinco C&#8217;s, com as companhias Opera Tres, Fundaci\u00f3n de M\u00fasica Contempor\u00e1nea e EMI Classics.<\/p>\n<p>&nbsp;<\/p>\n<p>Atualmente, combina o seu trabalho de concertista com o ensino. Professor do Conservat\u00f3rio de Alicante, Ignacio Rodes \u00e9 diretor acad\u00e9mico e professor do Mestrado em Guitarra da Universidade de Alicante. \u00c9 doutorado em Filosofia e Letras por esta universidade e foi galardoado com o Pr\u00e9mio Juan Andr\u00e9s de Ensaio e Investiga\u00e7\u00e3o em Ci\u00eancias Humanas (2023) pelo seu livro sobre a origem e evolu\u00e7\u00e3o da t\u00e9cnica da guitarra, editado pela Verbum.<\/p>\n<p>&nbsp;<\/p>\n<p>O Festival Internacional de M\u00fasica \u00abXim\u00e9nez Abril\u00bb, um evento apoiado por diferentes institui\u00e7\u00f5es, como o Minist\u00e9rio da Cultura do Peru e a Comiss\u00e3o Especial do Bicenten\u00e1rio. Conta tamb\u00e9m com o apoio da Orquestra Sinf\u00f3nica de Cusco, que far\u00e1 parte do programa do festival em 2024.<\/p>\n<p>&nbsp;<\/p>\n<p>Atrav\u00e9s de concertos beneficentes, master classes e confer\u00eancias em diferentes cidades, o festival prop\u00f5e o resgate, a valoriza\u00e7\u00e3o e a celebra\u00e7\u00e3o da m\u00fasica dessa figura ilustre da hist\u00f3ria do Peru.<\/p>\n<p>&nbsp;<\/p>\n<p>A vasta produ\u00e7\u00e3o do compositor acad\u00e9mico peruano Pedro Xim\u00e9nez abril Tirado, composta por mais de 500 obras, apesar de ter sido escrita h\u00e1 um s\u00e9culo e meio, pode ser considerada uma novidade, pois foi encontrada em 2004 e s\u00f3 a partir de 2006 foi colocada \u00e0 disposi\u00e7\u00e3o do p\u00fablico em v\u00e1rios arquivos e bibliotecas da Bol\u00edvia, bem como em colec\u00e7\u00f5es privadas.<\/p>\n<p>&nbsp;<\/p>\n<p>Pedro Xim\u00e9nez Abril Tirado (Arequipa 1784 &#8211; Sucre 1856) foi, segundo o pr\u00f3prio Bernardo Alcedo, o m\u00fasico peruano mais importante do seu tempo, e o seu legado tornou-se agora um tesouro a ser resgatado e valorizado. A sua obra \u00e9 compar\u00e1vel \u00e0 dos seus pares europeus, como Sor, Aguado e Giuliani ou Mozart. Escreveu 40 sinfonias, 50 missas, quartetos, Divertimentos, Ave Marias, Concertos, e dezenas de obras para diferentes conjuntos instrumentais.<\/p>\n<p>&nbsp;<\/p>\n<p>Esta s\u00e9rie de actua\u00e7\u00f5es do Maestro Ignacio Rodes em Lima e Cusco \u00e9 apoiada pelo Iberm\u00fasicas atrav\u00e9s da sua linha de Ajudas ao Sector Musical para a Circula\u00e7\u00e3o, convocat\u00f3ria 2023.<\/p>\n<p>&nbsp;<\/p>\n<ul>\n<li>Segunda-feira 1 de julho, 19h: Concerto de Guitarra cl\u00e1ssica, Sala Alcedo del Teatro Municipal, Lima, Peru.<\/li>\n<li>Ter\u00e7a-feira 2 de julho, 10h: Masterclass de Guitarra Cl\u00e1ssica, Casa de la Cultura Criolla \u00abRosa Mercedes Ayarza\u00bb, Lima, Peru<\/li>\n<li>Quarta-feira, 3 de julho, 10h: Masterclass de guitarra cl\u00e1ssica, Casa de la Cultura Criolla \u00abRosa Mercedes Ayarza\u00bb, Lima, Peru<\/li>\n<li>Sexta-feira, 5 de julho, 19h: Concerto da Orquestra Sinf\u00f3nica de Cusco, Teatro Municipal, Cusco, Peru<\/li>\n<\/ul>\n","protected":false},"excerpt":{"rendered":"<p>A cr\u00edtica internacional e os numerosos pr\u00e9mios (Francisco T\u00e1rrega, Andr\u00e9s Segovia e Jos\u00e9 Ram\u00edrez, entre outros) reconhecem o Maestro Ignacio Rode como um dos melhores guitarristas e professores da sua gera\u00e7\u00e3o. Nascido em Alicante, foi disc\u00edpulo de Jos\u00e9 Tom\u00e1s. &nbsp; Desde a sua brilhante estreia no Wigmore Hall de Londres em 1986, a sua carreira [&hellip;]<\/p>\n","protected":false},"author":7,"featured_media":19183,"comment_status":"closed","ping_status":"closed","sticky":false,"template":"","format":"standard","meta":{"footnotes":""},"categories":[218],"tags":[],"class_list":["post-19185","post","type-post","status-publish","format-standard","has-post-thumbnail","hentry","category-noticias-generales-pt"],"lang":"pt","translations":{"pt":19185,"es":19182},"pll_sync_post":[],"post_mailing_queue_ids":[],"_links":{"self":[{"href":"http:\/\/staging.ibermusicas.org\/index.php\/wp-json\/wp\/v2\/posts\/19185","targetHints":{"allow":["GET"]}}],"collection":[{"href":"http:\/\/staging.ibermusicas.org\/index.php\/wp-json\/wp\/v2\/posts"}],"about":[{"href":"http:\/\/staging.ibermusicas.org\/index.php\/wp-json\/wp\/v2\/types\/post"}],"author":[{"embeddable":true,"href":"http:\/\/staging.ibermusicas.org\/index.php\/wp-json\/wp\/v2\/users\/7"}],"replies":[{"embeddable":true,"href":"http:\/\/staging.ibermusicas.org\/index.php\/wp-json\/wp\/v2\/comments?post=19185"}],"version-history":[{"count":1,"href":"http:\/\/staging.ibermusicas.org\/index.php\/wp-json\/wp\/v2\/posts\/19185\/revisions"}],"predecessor-version":[{"id":19186,"href":"http:\/\/staging.ibermusicas.org\/index.php\/wp-json\/wp\/v2\/posts\/19185\/revisions\/19186"}],"wp:featuredmedia":[{"embeddable":true,"href":"http:\/\/staging.ibermusicas.org\/index.php\/wp-json\/wp\/v2\/media\/19183"}],"wp:attachment":[{"href":"http:\/\/staging.ibermusicas.org\/index.php\/wp-json\/wp\/v2\/media?parent=19185"}],"wp:term":[{"taxonomy":"category","embeddable":true,"href":"http:\/\/staging.ibermusicas.org\/index.php\/wp-json\/wp\/v2\/categories?post=19185"},{"taxonomy":"post_tag","embeddable":true,"href":"http:\/\/staging.ibermusicas.org\/index.php\/wp-json\/wp\/v2\/tags?post=19185"}],"curies":[{"name":"wp","href":"https:\/\/api.w.org\/{rel}","templated":true}]}}