{"id":19192,"date":"2024-06-27T13:58:15","date_gmt":"2024-06-27T13:58:15","guid":{"rendered":"http:\/\/staging.ibermusicas.org\/?p=19192"},"modified":"2024-08-01T19:03:05","modified_gmt":"2024-08-01T19:03:05","slug":"elena-y-la-orquesta-lunar-de-costa-rica-presentan-la-gira-aurora-que-los-llevara-a-mexico-y-guatemala","status":"publish","type":"post","link":"http:\/\/staging.ibermusicas.org\/index.php\/elena-y-la-orquesta-lunar-de-costa-rica-presentan-la-gira-aurora-que-los-llevara-a-mexico-y-guatemala\/","title":{"rendered":"Elena y la Orquesta Lunar de Costa Rica presentan la gira Aurora que los llevar\u00e1 a M\u00e9xico y Guatemala"},"content":{"rendered":"<p>Elena y la Orquesta Lunar es una agrupaci\u00f3n fundada en San Jos\u00e9, Costa Rica por la compositora, cantante y chelista Elena Z\u00fa\u00f1iga en el a\u00f1o 2016. Desde entonces ha involucrado a varios m\u00fasicos y artistas costarricenses. Su m\u00fasica es una fusi\u00f3n de elementos cl\u00e1sicos y modernos que van desde el folklore hasta la m\u00fasica de c\u00e1mara; todo esto unificado por tintes de rock, jazz y otros ritmos del mundo.<\/p>\n<p>&nbsp;<\/p>\n<p>Su primer disco \u201cViaje et\u00e9reo\u201d, fue presentado en los principales escenarios de Costa Rica y realiz\u00f3 una gira internacional por Argentina y Chile. Con \u201cTelescopio\u201d, su nuevo disco en proceso de grabaci\u00f3n, realizan la gira Aurora llevando sus canciones a escenarios en Guatemala y M\u00e9xico con apoyo del programa Iberm\u00fasicas.<\/p>\n<p>&nbsp;<\/p>\n<p>Aurora evoca el amanecer, y est\u00e1 dise\u00f1ado para inspirar y motivar a las personas a reconectar con la naturaleza y abrazar nuevos comienzos en sus vidas. A trav\u00e9s de una combinaci\u00f3n de elementos visuales, m\u00fasica evocadora y narrativa conmovedora, este espect\u00e1culo busca despertar la pasi\u00f3n por explorar, proteger, restaurar y honrar a la Tierra. Las canciones recorren los paisajes tropicales costarricenses, que se entrelazan con la poes\u00eda m\u00edstica y los cantos cab\u00e9car de Ileana Obando, invitada especial de temporada, cantante e int\u00e9rprete cab\u00e9car del clan del Cacao, Tsir\u00far\u00faw\u00e1k, de la comunidad de J\u00e4ku\u00ed\u00ed de Alto Pacuare (Turrialba).<\/p>\n<p>&nbsp;<\/p>\n<p>Durante la gira Aurora\u201d confluyen varios procesos: conciertos, talleres, intercambios musicales y colaboraciones, gestionadas de la mano con instituciones de amplia trayectoria e importancia en el circuito cultural en Guatemala y M\u00e9xico, y con artistas de reconocimiento en sus pa\u00edses para seguir nutriendo alianzas y fortalecer el intercambio entre proyectos con un impacto cultural y musical.<\/p>\n<p>&nbsp;<\/p>\n<p>Esta gira de Elena y la Orquesta Lunar es posible gracias al apoyo de Iberm\u00fasicas mediante sus Ayudas al Sector Musical para la Circulaci\u00f3n.<\/p>\n<p>&nbsp;<\/p>\n<ul>\n<li>2 de julio, 19h: Concierto en el Centro Cultural Colegio Mayor Santo Tom\u00e1s de Aquino (USAC), Antigua, Guatemala<\/li>\n<li>3 de julio, 15h: Taller de Ensamble: en el Centro Cultural Universitario Paraninfo (USAC), Ciudad de Guatemala<\/li>\n<li>4 de julio, 19h: Concierto en Centro Cultural Universitario Paraninfo (USAC), Ciudad de Guatemala<\/li>\n<li>6 y 7 de Julio: Experimentaci\u00f3n y documentaci\u00f3n en \u00abBarromadre\u201d: Actividad privada de intercambio entre los m\u00fasicos de Elena y la Orquesta Lunar y los m\u00fasicos y luthiers de Barromadre, Oaxaca, M\u00e9xico<\/li>\n<li>9 de julio, 20h: Concierto en El Breve Espacio Puebla, Zaragoza, M\u00e9xico<\/li>\n<li>11 de julio, 20h: Concierto en La Jacaranda Cultural, P\u00e1tzcuaro, Michoac\u00e1n, M\u00e9xico<\/li>\n<li>13 de julio, 19h: Concierto en Foro Am\u00edlcar Vidal, Ciudad de M\u00e9xico<\/li>\n<\/ul>\n","protected":false},"excerpt":{"rendered":"<p>Elena y la Orquesta Lunar es una agrupaci\u00f3n fundada en San Jos\u00e9, Costa Rica por la compositora, cantante y chelista Elena Z\u00fa\u00f1iga en el a\u00f1o 2016. Desde entonces ha involucrado a varios m\u00fasicos y artistas costarricenses. Su m\u00fasica es una fusi\u00f3n de elementos cl\u00e1sicos y modernos que van desde el folklore hasta la m\u00fasica de [&hellip;]<\/p>\n","protected":false},"author":7,"featured_media":19193,"comment_status":"closed","ping_status":"closed","sticky":false,"template":"","format":"standard","meta":{"footnotes":""},"categories":[53],"tags":[],"class_list":["post-19192","post","type-post","status-publish","format-standard","has-post-thumbnail","hentry","category-noticias-generales"],"lang":"es","translations":{"es":19192,"pt":19195},"pll_sync_post":[],"post_mailing_queue_ids":[],"_links":{"self":[{"href":"http:\/\/staging.ibermusicas.org\/index.php\/wp-json\/wp\/v2\/posts\/19192","targetHints":{"allow":["GET"]}}],"collection":[{"href":"http:\/\/staging.ibermusicas.org\/index.php\/wp-json\/wp\/v2\/posts"}],"about":[{"href":"http:\/\/staging.ibermusicas.org\/index.php\/wp-json\/wp\/v2\/types\/post"}],"author":[{"embeddable":true,"href":"http:\/\/staging.ibermusicas.org\/index.php\/wp-json\/wp\/v2\/users\/7"}],"replies":[{"embeddable":true,"href":"http:\/\/staging.ibermusicas.org\/index.php\/wp-json\/wp\/v2\/comments?post=19192"}],"version-history":[{"count":1,"href":"http:\/\/staging.ibermusicas.org\/index.php\/wp-json\/wp\/v2\/posts\/19192\/revisions"}],"predecessor-version":[{"id":19194,"href":"http:\/\/staging.ibermusicas.org\/index.php\/wp-json\/wp\/v2\/posts\/19192\/revisions\/19194"}],"wp:featuredmedia":[{"embeddable":true,"href":"http:\/\/staging.ibermusicas.org\/index.php\/wp-json\/wp\/v2\/media\/19193"}],"wp:attachment":[{"href":"http:\/\/staging.ibermusicas.org\/index.php\/wp-json\/wp\/v2\/media?parent=19192"}],"wp:term":[{"taxonomy":"category","embeddable":true,"href":"http:\/\/staging.ibermusicas.org\/index.php\/wp-json\/wp\/v2\/categories?post=19192"},{"taxonomy":"post_tag","embeddable":true,"href":"http:\/\/staging.ibermusicas.org\/index.php\/wp-json\/wp\/v2\/tags?post=19192"}],"curies":[{"name":"wp","href":"https:\/\/api.w.org\/{rel}","templated":true}]}}