{"id":19195,"date":"2024-06-27T14:00:05","date_gmt":"2024-06-27T14:00:05","guid":{"rendered":"http:\/\/staging.ibermusicas.org\/?p=19195"},"modified":"2024-08-01T19:08:12","modified_gmt":"2024-08-01T19:08:12","slug":"elena-y-la-orquesta-lunar-de-costa-rica-apresentam-a-digressao-aurora-que-os-levara-ao-mexico-e-a-guatemala","status":"publish","type":"post","link":"http:\/\/staging.ibermusicas.org\/index.php\/elena-y-la-orquesta-lunar-de-costa-rica-apresentam-a-digressao-aurora-que-os-levara-ao-mexico-e-a-guatemala\/","title":{"rendered":"\u201cElena y la Orquesta Lunar\u201d de Costa Rica apresentam a digress\u00e3o Aurora que os levar\u00e1 ao M\u00e9xico e \u00e0 Guatemala"},"content":{"rendered":"<p>Elena y la Orquesta Lunar \u00e9 um grupo fundado em San Jos\u00e9, Costa Rica, pela compositora, cantora e violoncelista Elena Z\u00fa\u00f1iga em 2016. Desde ent\u00e3o, envolveu v\u00e1rios m\u00fasicos e artistas costa-riquenhos. A sua m\u00fasica \u00e9 uma fus\u00e3o de elementos cl\u00e1ssicos e modernos que v\u00e3o desde o folclore \u00e0 m\u00fasica de c\u00e2mara; tudo isto unificado por toques de rock, jazz e outros ritmos mundiais.<\/p>\n<p>&nbsp;<\/p>\n<p>O seu primeiro \u00e1lbum, \u00abViaje et\u00e9reo\u00bb, foi apresentado nos principais palcos da Costa Rica e fez uma digress\u00e3o internacional na Argentina e no Chile. Com \u00abTelescopio\u00bb, o seu novo \u00e1lbum em processo de grava\u00e7\u00e3o, est\u00e3o na digress\u00e3o \u201cAurora\u201d, levando as suas can\u00e7\u00f5es a palcos da Guatemala e do M\u00e9xico com o apoio do programa Iberm\u00fasicas.<\/p>\n<p>&nbsp;<\/p>\n<p>Aurora evoca o nascer do sol e foi concebido para inspirar e motivar as pessoas a reconectarem-se com a natureza e a abra\u00e7arem novos come\u00e7os nas suas vidas. Atrav\u00e9s de uma combina\u00e7\u00e3o de elementos visuais, m\u00fasica evocativa e narrativa comovente, este espet\u00e1culo procura despertar a paix\u00e3o por explorar, proteger, restaurar e honrar a Terra. As can\u00e7\u00f5es percorrem as paisagens tropicais da Costa Rica, que se entrela\u00e7am com a poesia m\u00edstica e os c\u00e2nticos de cab\u00e9car da convidada especial da temporada, Ileana Obando, cantora e int\u00e9rprete de cab\u00e9car do cl\u00e3 Cacao, Tsir\u00far\u00faw\u00e1k, da comunidade J\u00e4ku\u00ed\u00ed de Alto Pacuare (Turrialba).<\/p>\n<p>&nbsp;<\/p>\n<p>Durante a digress\u00e3o \u00abAurora\u00bb, convergem v\u00e1rios processos: concertos, workshops, interc\u00e2mbios musicais e colabora\u00e7\u00f5es, geridos de m\u00e3os dadas com institui\u00e7\u00f5es de grande trajet\u00f3ria e import\u00e2ncia no circuito cultural da Guatemala e do M\u00e9xico, e com artistas de reconhecimento nos seus pa\u00edses para continuar a alimentar alian\u00e7as e refor\u00e7ar o interc\u00e2mbio entre projetos de impacto cultural e musical.<\/p>\n<p>&nbsp;<\/p>\n<p>Esta digress\u00e3o de Elena y la Orquesta Lunar \u00e9 poss\u00edvel gra\u00e7as ao apoio do Iberm\u00fasicas atrav\u00e9s das suas Ajudas ao Sector Musical para a Circula\u00e7\u00e3o.<\/p>\n<p>&nbsp;<\/p>\n<ul>\n<li>2 de julho, 19h: Concerto no Centro Cultural Colegio Mayor Santo Tom\u00e1s de Aquino (USAC), Antigua, Guatemala.<\/li>\n<li>3 de julho, 15h: Workshop de Ensemble: no Centro Cultural Universitario Paraninfo (USAC), Cidade da Guatemala.<\/li>\n<li>4 de julho, 19h: Concerto no Centro Cultural Universitario Paraninfo (USAC), Cidade da Guatemala, Guatemala<\/li>\n<li>6 e 7 de julho: Experimenta\u00e7\u00e3o e documenta\u00e7\u00e3o em \u00abBarromadre\u00bb: Atividade privada de interc\u00e2mbio entre os m\u00fasicos de Elena e a Orquesta Lunar e os m\u00fasicos e luthiers de Barromadre, Oaxaca, M\u00e9xico.<\/li>\n<li>9 de julho, 20h: Concerto no El Breve Espacio Puebla, Zaragoza, M\u00e9xico<\/li>\n<li>11 julho, 20h: Concerto em La Jacaranda Cultural, P\u00e1tzcuaro, Michoac\u00e1n, M\u00e9xico<\/li>\n<li>13 julho, 19h: Concerto no Foro Am\u00edlcar Vidal, Cidade do M\u00e9xico, M\u00e9xico<\/li>\n<\/ul>\n","protected":false},"excerpt":{"rendered":"<p>Elena y la Orquesta Lunar \u00e9 um grupo fundado em San Jos\u00e9, Costa Rica, pela compositora, cantora e violoncelista Elena Z\u00fa\u00f1iga em 2016. Desde ent\u00e3o, envolveu v\u00e1rios m\u00fasicos e artistas costa-riquenhos. A sua m\u00fasica \u00e9 uma fus\u00e3o de elementos cl\u00e1ssicos e modernos que v\u00e3o desde o folclore \u00e0 m\u00fasica de c\u00e2mara; tudo isto unificado por [&hellip;]<\/p>\n","protected":false},"author":7,"featured_media":19193,"comment_status":"closed","ping_status":"closed","sticky":false,"template":"","format":"standard","meta":{"footnotes":""},"categories":[218],"tags":[],"class_list":["post-19195","post","type-post","status-publish","format-standard","has-post-thumbnail","hentry","category-noticias-generales-pt"],"lang":"pt","translations":{"pt":19195,"es":19192},"pll_sync_post":[],"post_mailing_queue_ids":[],"_links":{"self":[{"href":"http:\/\/staging.ibermusicas.org\/index.php\/wp-json\/wp\/v2\/posts\/19195","targetHints":{"allow":["GET"]}}],"collection":[{"href":"http:\/\/staging.ibermusicas.org\/index.php\/wp-json\/wp\/v2\/posts"}],"about":[{"href":"http:\/\/staging.ibermusicas.org\/index.php\/wp-json\/wp\/v2\/types\/post"}],"author":[{"embeddable":true,"href":"http:\/\/staging.ibermusicas.org\/index.php\/wp-json\/wp\/v2\/users\/7"}],"replies":[{"embeddable":true,"href":"http:\/\/staging.ibermusicas.org\/index.php\/wp-json\/wp\/v2\/comments?post=19195"}],"version-history":[{"count":1,"href":"http:\/\/staging.ibermusicas.org\/index.php\/wp-json\/wp\/v2\/posts\/19195\/revisions"}],"predecessor-version":[{"id":19196,"href":"http:\/\/staging.ibermusicas.org\/index.php\/wp-json\/wp\/v2\/posts\/19195\/revisions\/19196"}],"wp:featuredmedia":[{"embeddable":true,"href":"http:\/\/staging.ibermusicas.org\/index.php\/wp-json\/wp\/v2\/media\/19193"}],"wp:attachment":[{"href":"http:\/\/staging.ibermusicas.org\/index.php\/wp-json\/wp\/v2\/media?parent=19195"}],"wp:term":[{"taxonomy":"category","embeddable":true,"href":"http:\/\/staging.ibermusicas.org\/index.php\/wp-json\/wp\/v2\/categories?post=19195"},{"taxonomy":"post_tag","embeddable":true,"href":"http:\/\/staging.ibermusicas.org\/index.php\/wp-json\/wp\/v2\/tags?post=19195"}],"curies":[{"name":"wp","href":"https:\/\/api.w.org\/{rel}","templated":true}]}}