{"id":19202,"date":"2024-06-27T14:10:06","date_gmt":"2024-06-27T14:10:06","guid":{"rendered":"http:\/\/staging.ibermusicas.org\/?p=19202"},"modified":"2024-08-01T19:03:10","modified_gmt":"2024-08-01T19:03:10","slug":"almerio-y-martins-de-brasil-siguen-su-gira-por-portugal-con-su-espectaculo-acustico-y-autoral","status":"publish","type":"post","link":"http:\/\/staging.ibermusicas.org\/index.php\/almerio-y-martins-de-brasil-siguen-su-gira-por-portugal-con-su-espectaculo-acustico-y-autoral\/","title":{"rendered":"Alm\u00e9rio y Martins de Brasil, siguen su gira por Portugal con su espect\u00e1culo ac\u00fastico y autoral"},"content":{"rendered":"<p>Acompa\u00f1ados de bajo ac\u00fastico y guitarra, los cantantes y compositores de la nueva escena musical de Pernambuco presentan sus obras originales, as\u00ed como canciones de compositores que han influido en sus carreras, como Alceu Valen\u00e7a y Caetano Veloso.<\/p>\n<p>&nbsp;<\/p>\n<p>Este espect\u00e1culo marca el lanzamiento de un \u00e1lbum en vivo de DECK DISC, grabado durante la temporada de reestreno post pandemia, a finales de 2021, en el hist\u00f3rico Teatro Parque de Recife. El espect\u00e1culo pretende ser un encuentro emocional, un abrazo al alma del p\u00fablico a trav\u00e9s de las canciones interpretadas.<\/p>\n<p>&nbsp;<\/p>\n<p>De forma complementaria, Alm\u00e9rio en su potencia y Martins en su sutileza cantan al amor, a la vida y a la existencia. Este espect\u00e1culo cuenta con la direcci\u00f3n art\u00edstica de Andr\u00e9 Brasileiro, direcci\u00f3n musical de Juliano Holanda y direcci\u00f3n de producci\u00f3n de Tadeu Gondim, de Atos Produ\u00e7\u00f5es Art\u00edsticas. Ya ha girado por varias ciudades de Brasil, como S\u00e3o Paulo, R\u00edo de Janeiro, Fortaleza, Belo Horizonte, Salvador y Brasilia, entre otras.<\/p>\n<p>&nbsp;<\/p>\n<p>Esta gira de Alm\u00e9rio y Martins cuenta con el apoyo de Iberm\u00fasicas mediante su l\u00ednea de Ayudas al Sector Musical para la Circulaci\u00f3n.<\/p>\n<p><strong>\u00a0<\/strong><\/p>\n<ul>\n<li>2 de julio: Participaci\u00f3n en el proyecto Fala Baixinho en el Instituto Pernambuco\/Oporto, Portugal<\/li>\n<li>3 de julio: Charla abierta al p\u00fablico en la FNAC de Oporto, Portugal<\/li>\n<\/ul>\n","protected":false},"excerpt":{"rendered":"<p>Acompa\u00f1ados de bajo ac\u00fastico y guitarra, los cantantes y compositores de la nueva escena musical de Pernambuco presentan sus obras originales, as\u00ed como canciones de compositores que han influido en sus carreras, como Alceu Valen\u00e7a y Caetano Veloso. &nbsp; Este espect\u00e1culo marca el lanzamiento de un \u00e1lbum en vivo de DECK DISC, grabado durante la [&hellip;]<\/p>\n","protected":false},"author":7,"featured_media":19203,"comment_status":"closed","ping_status":"closed","sticky":false,"template":"","format":"standard","meta":{"footnotes":""},"categories":[53],"tags":[],"class_list":["post-19202","post","type-post","status-publish","format-standard","has-post-thumbnail","hentry","category-noticias-generales"],"lang":"es","translations":{"es":19202,"pt":19205},"pll_sync_post":[],"post_mailing_queue_ids":[],"_links":{"self":[{"href":"http:\/\/staging.ibermusicas.org\/index.php\/wp-json\/wp\/v2\/posts\/19202","targetHints":{"allow":["GET"]}}],"collection":[{"href":"http:\/\/staging.ibermusicas.org\/index.php\/wp-json\/wp\/v2\/posts"}],"about":[{"href":"http:\/\/staging.ibermusicas.org\/index.php\/wp-json\/wp\/v2\/types\/post"}],"author":[{"embeddable":true,"href":"http:\/\/staging.ibermusicas.org\/index.php\/wp-json\/wp\/v2\/users\/7"}],"replies":[{"embeddable":true,"href":"http:\/\/staging.ibermusicas.org\/index.php\/wp-json\/wp\/v2\/comments?post=19202"}],"version-history":[{"count":1,"href":"http:\/\/staging.ibermusicas.org\/index.php\/wp-json\/wp\/v2\/posts\/19202\/revisions"}],"predecessor-version":[{"id":19204,"href":"http:\/\/staging.ibermusicas.org\/index.php\/wp-json\/wp\/v2\/posts\/19202\/revisions\/19204"}],"wp:featuredmedia":[{"embeddable":true,"href":"http:\/\/staging.ibermusicas.org\/index.php\/wp-json\/wp\/v2\/media\/19203"}],"wp:attachment":[{"href":"http:\/\/staging.ibermusicas.org\/index.php\/wp-json\/wp\/v2\/media?parent=19202"}],"wp:term":[{"taxonomy":"category","embeddable":true,"href":"http:\/\/staging.ibermusicas.org\/index.php\/wp-json\/wp\/v2\/categories?post=19202"},{"taxonomy":"post_tag","embeddable":true,"href":"http:\/\/staging.ibermusicas.org\/index.php\/wp-json\/wp\/v2\/tags?post=19202"}],"curies":[{"name":"wp","href":"https:\/\/api.w.org\/{rel}","templated":true}]}}