{"id":19205,"date":"2024-06-27T14:11:31","date_gmt":"2024-06-27T14:11:31","guid":{"rendered":"http:\/\/staging.ibermusicas.org\/?p=19205"},"modified":"2024-08-01T19:08:05","modified_gmt":"2024-08-01T19:08:05","slug":"almerio-y-martins-de-brasil-siguen-su-gira-por-portugal-con-su-espectaculo-acustico-y-autoral-2","status":"publish","type":"post","link":"http:\/\/staging.ibermusicas.org\/index.php\/almerio-y-martins-de-brasil-siguen-su-gira-por-portugal-con-su-espectaculo-acustico-y-autoral-2\/","title":{"rendered":"Alm\u00e9rio e Martins, do Brasil, continuam sua turn\u00ea em Portugal com seu show ac\u00fastico e autoral"},"content":{"rendered":"<p>Acompanhados por baixo ac\u00fastico e guitarra, os cantores e compositores da nova cena musical pernambucana apresentam seus trabalhos autorais, al\u00e9m de m\u00fasicas de compositores que influenciaram suas carreiras, a exemplo de Alceu Valen\u00e7a e Caetano Veloso.<\/p>\n<p>&nbsp;<\/p>\n<p>Esse show marca o lan\u00e7amento do \u00e1lbum ao vivo, pela DECK DISC, gravado na temporada de retomada p\u00f3s-pandemia no final de 2021, no hist\u00f3rico Teatro do Parque, em Recife. O show se prop\u00f5e a ser um encontro afetivo, um abra\u00e7o na alma do p\u00fablico atrav\u00e9s das can\u00e7\u00f5es apresentadas.<\/p>\n<p>&nbsp;<\/p>\n<p>De forma complementar, Alm\u00e9rio em sua pot\u00eancia e Martins em sua sutileza cantam o amor, a vida e o existir. Alm\u00e9rio &amp; Martins conta com idealiza\u00e7\u00e3o e dire\u00e7\u00e3o art\u00edstica de Andr\u00e9 Brasileiro, dire\u00e7\u00e3o musical de Juliano Holanda e dire\u00e7\u00e3o de produ\u00e7\u00e3o de Tadeu Gondim, da Atos Produ\u00e7\u00f5es Art\u00edsticas. J\u00e1 circulou por v\u00e1rias cidades do Brasil, como S\u00e3o Paulo, Rio de Janeiro, Fortaleza, Belo Horizonte, Salvador, Bras\u00edlia, entre outras.<\/p>\n<p>&nbsp;<\/p>\n<p>Esta digress\u00e3o de Alm\u00e9rio e Martins \u00e9 apoiada pelo Iberm\u00fasicas atrav\u00e9s da sua linha de Ajudas ao Sector Musical para a Circula\u00e7\u00e3o.<\/p>\n<p>&nbsp;<\/p>\n<ul>\n<li>2 de julho: Participa\u00e7\u00e3o no projeto Fala Baixinho no Instituto Pernambuco\/Porto, Portugal<\/li>\n<li>3 de julho: Bate papo aberto com o p\u00fablico na FNAC, Porto, Portugal<\/li>\n<\/ul>\n","protected":false},"excerpt":{"rendered":"<p>Acompanhados por baixo ac\u00fastico e guitarra, os cantores e compositores da nova cena musical pernambucana apresentam seus trabalhos autorais, al\u00e9m de m\u00fasicas de compositores que influenciaram suas carreiras, a exemplo de Alceu Valen\u00e7a e Caetano Veloso. &nbsp; Esse show marca o lan\u00e7amento do \u00e1lbum ao vivo, pela DECK DISC, gravado na temporada de retomada p\u00f3s-pandemia [&hellip;]<\/p>\n","protected":false},"author":7,"featured_media":19203,"comment_status":"closed","ping_status":"closed","sticky":false,"template":"","format":"standard","meta":{"footnotes":""},"categories":[218],"tags":[],"class_list":["post-19205","post","type-post","status-publish","format-standard","has-post-thumbnail","hentry","category-noticias-generales-pt"],"lang":"pt","translations":{"pt":19205,"es":19202},"pll_sync_post":[],"post_mailing_queue_ids":[],"_links":{"self":[{"href":"http:\/\/staging.ibermusicas.org\/index.php\/wp-json\/wp\/v2\/posts\/19205","targetHints":{"allow":["GET"]}}],"collection":[{"href":"http:\/\/staging.ibermusicas.org\/index.php\/wp-json\/wp\/v2\/posts"}],"about":[{"href":"http:\/\/staging.ibermusicas.org\/index.php\/wp-json\/wp\/v2\/types\/post"}],"author":[{"embeddable":true,"href":"http:\/\/staging.ibermusicas.org\/index.php\/wp-json\/wp\/v2\/users\/7"}],"replies":[{"embeddable":true,"href":"http:\/\/staging.ibermusicas.org\/index.php\/wp-json\/wp\/v2\/comments?post=19205"}],"version-history":[{"count":2,"href":"http:\/\/staging.ibermusicas.org\/index.php\/wp-json\/wp\/v2\/posts\/19205\/revisions"}],"predecessor-version":[{"id":19207,"href":"http:\/\/staging.ibermusicas.org\/index.php\/wp-json\/wp\/v2\/posts\/19205\/revisions\/19207"}],"wp:featuredmedia":[{"embeddable":true,"href":"http:\/\/staging.ibermusicas.org\/index.php\/wp-json\/wp\/v2\/media\/19203"}],"wp:attachment":[{"href":"http:\/\/staging.ibermusicas.org\/index.php\/wp-json\/wp\/v2\/media?parent=19205"}],"wp:term":[{"taxonomy":"category","embeddable":true,"href":"http:\/\/staging.ibermusicas.org\/index.php\/wp-json\/wp\/v2\/categories?post=19205"},{"taxonomy":"post_tag","embeddable":true,"href":"http:\/\/staging.ibermusicas.org\/index.php\/wp-json\/wp\/v2\/tags?post=19205"}],"curies":[{"name":"wp","href":"https:\/\/api.w.org\/{rel}","templated":true}]}}