{"id":19213,"date":"2024-06-27T14:36:03","date_gmt":"2024-06-27T14:36:03","guid":{"rendered":"http:\/\/staging.ibermusicas.org\/?p=19213"},"modified":"2024-08-01T18:59:36","modified_gmt":"2024-08-01T18:59:36","slug":"el-grupo-vocal-paraguayo-cantarte-realiza-una-gira-por-espana","status":"publish","type":"post","link":"http:\/\/staging.ibermusicas.org\/index.php\/el-grupo-vocal-paraguayo-cantarte-realiza-una-gira-por-espana\/","title":{"rendered":"El grupo vocal paraguayo Cantarte, realiza una gira por Espa\u00f1a"},"content":{"rendered":"<p>Cantarte, el grupo vocal de seis voces de renombre de Am\u00e9rica Latina contin\u00faa su camino de excelencia iniciado hace m\u00e1s de veinte a\u00f1os.<\/p>\n<p>&nbsp;<\/p>\n<p>Desde sus inicios , Cantarte ha cautivado audiencias en los diversos escenarios que ha pisado en Argentina, Brasil, Colombia, Venezuela, Finlandia, Suecia, Rusia; con su repertorio ecl\u00e9ctico, que abarca desde cl\u00e1sicos de pel\u00edculas, m\u00fasica paraguaya, hasta ritmos internacionales y latinoamericanos, demostrando la versatilidad del estilo a capella.<\/p>\n<p>&nbsp;<\/p>\n<p>El grupo ha colaborado con destacados artistas y han compartido su pasi\u00f3n por la m\u00fasica vocal a capella a nivel internacional.<\/p>\n<p>&nbsp;<\/p>\n<p>Cantarte ha lanzado cinco materiales discogr\u00e1ficos, los dos \u00faltimos grabados en su propio estudio de grabaciones. En 2022, recibieron el prestigioso premio CARAS de la m\u00fasica acapella a la mejor canci\u00f3n internacional y fueron honrados con un reconocimiento de la Honorable C\u00e1mara de Senadores del Paraguay por su contribuci\u00f3n a la m\u00fasica y la cultura.<\/p>\n<p>&nbsp;<\/p>\n<p>Cantarte es un puente musical que conecta Paraguay con el mundo, llevando la riqueza de la m\u00fasica paraguaya y latinoamericana a cada escenario que visita, mientras trae consigo canciones y experiencias enriquecedoras de los lugares donde va, que transmite a las personas y p\u00fablico de su pa\u00eds.<\/p>\n<p>&nbsp;<\/p>\n<p>Esta gira de Cantarte por Espa\u00f1a se realiza con el apoyo de Iberm\u00fasicas a trav\u00e9s de las Ayudas al Sector Musical para la Circulaci\u00f3n, convocatoria 2023.<\/p>\n<p>&nbsp;<\/p>\n<ul>\n<li>4 de julio 19h: Concierto \u00abArmon\u00eda sin Fronteras\u00bb, Centro Cultural Nicol\u00e1s Salmer\u00f3n, Madrid, Espa\u00f1a<\/li>\n<li>7 de julio 20h: Concierto \u00abArmon\u00eda sin Fronteras\u00bb, Centro Cultural Virgen del Carmen, Torrevieja, Espa\u00f1a<\/li>\n<li>10 de julio 21h: Presentaci\u00f3n en el 59\u00ba festival coral en Barcelona. Organizado por la FCEC, Iglesia Santa Maria del Pi, Barcelona, Espa\u00f1a<\/li>\n<li>14 de julio 16h30: Teatro Don Bosco, Salesians Rocafort, Barcelona, Espa\u00f1a<\/li>\n<\/ul>\n","protected":false},"excerpt":{"rendered":"<p>Cantarte, el grupo vocal de seis voces de renombre de Am\u00e9rica Latina contin\u00faa su camino de excelencia iniciado hace m\u00e1s de veinte a\u00f1os. &nbsp; Desde sus inicios , Cantarte ha cautivado audiencias en los diversos escenarios que ha pisado en Argentina, Brasil, Colombia, Venezuela, Finlandia, Suecia, Rusia; con su repertorio ecl\u00e9ctico, que abarca desde cl\u00e1sicos [&hellip;]<\/p>\n","protected":false},"author":7,"featured_media":19214,"comment_status":"closed","ping_status":"closed","sticky":false,"template":"","format":"standard","meta":{"footnotes":""},"categories":[53],"tags":[],"class_list":["post-19213","post","type-post","status-publish","format-standard","has-post-thumbnail","hentry","category-noticias-generales"],"lang":"es","translations":{"es":19213,"pt":19216},"pll_sync_post":[],"post_mailing_queue_ids":[],"_links":{"self":[{"href":"http:\/\/staging.ibermusicas.org\/index.php\/wp-json\/wp\/v2\/posts\/19213","targetHints":{"allow":["GET"]}}],"collection":[{"href":"http:\/\/staging.ibermusicas.org\/index.php\/wp-json\/wp\/v2\/posts"}],"about":[{"href":"http:\/\/staging.ibermusicas.org\/index.php\/wp-json\/wp\/v2\/types\/post"}],"author":[{"embeddable":true,"href":"http:\/\/staging.ibermusicas.org\/index.php\/wp-json\/wp\/v2\/users\/7"}],"replies":[{"embeddable":true,"href":"http:\/\/staging.ibermusicas.org\/index.php\/wp-json\/wp\/v2\/comments?post=19213"}],"version-history":[{"count":1,"href":"http:\/\/staging.ibermusicas.org\/index.php\/wp-json\/wp\/v2\/posts\/19213\/revisions"}],"predecessor-version":[{"id":19215,"href":"http:\/\/staging.ibermusicas.org\/index.php\/wp-json\/wp\/v2\/posts\/19213\/revisions\/19215"}],"wp:featuredmedia":[{"embeddable":true,"href":"http:\/\/staging.ibermusicas.org\/index.php\/wp-json\/wp\/v2\/media\/19214"}],"wp:attachment":[{"href":"http:\/\/staging.ibermusicas.org\/index.php\/wp-json\/wp\/v2\/media?parent=19213"}],"wp:term":[{"taxonomy":"category","embeddable":true,"href":"http:\/\/staging.ibermusicas.org\/index.php\/wp-json\/wp\/v2\/categories?post=19213"},{"taxonomy":"post_tag","embeddable":true,"href":"http:\/\/staging.ibermusicas.org\/index.php\/wp-json\/wp\/v2\/tags?post=19213"}],"curies":[{"name":"wp","href":"https:\/\/api.w.org\/{rel}","templated":true}]}}