{"id":19216,"date":"2024-06-27T14:39:05","date_gmt":"2024-06-27T14:39:05","guid":{"rendered":"http:\/\/staging.ibermusicas.org\/?p=19216"},"modified":"2024-08-01T19:07:47","modified_gmt":"2024-08-01T19:07:47","slug":"o-grupo-vocal-paraguaio-cantarte-em-digressao-por-espanha","status":"publish","type":"post","link":"http:\/\/staging.ibermusicas.org\/index.php\/o-grupo-vocal-paraguaio-cantarte-em-digressao-por-espanha\/","title":{"rendered":"O grupo vocal paraguaio Cantarte, em digress\u00e3o por Espanha"},"content":{"rendered":"<p>Cantarte, o reconhecido grupo vocal a seis vozes da Am\u00e9rica Latina, continua o seu percurso de excel\u00eancia iniciado h\u00e1 mais de vinte anos.<\/p>\n<p>Desde o seu in\u00edcio, Cantarte cativou o p\u00fablico nos v\u00e1rios palcos em que actuou na Argentina, Brasil, Col\u00f4mbia, Venezuela, Finl\u00e2ndia, Su\u00e9cia e R\u00fassia com o seu repert\u00f3rio ecl\u00e9tico, que vai desde os cl\u00e1ssicos do cinema e da m\u00fasica paraguaia at\u00e9 aos ritmos internacionais e latino-americanos, demonstrando a versatilidade do estilo a cappella.<\/p>\n<p>O grupo tem colaborado com artistas de destaque e partilhado a sua paix\u00e3o pela m\u00fasica vocal a cappella internacionalmente.<\/p>\n<p>O Cantarte lan\u00e7ou cinco \u00e1lbuns, os dois \u00faltimos gravados no seu pr\u00f3prio est\u00fadio de grava\u00e7\u00e3o. Em 2022, receberam o prestigiado pr\u00e9mio de m\u00fasica acapella CARAS para a melhor can\u00e7\u00e3o internacional e foram homenageados com um reconhecimento da Honor\u00e1vel C\u00e2mara de Senadores do Paraguai pela sua contribui\u00e7\u00e3o para a m\u00fasica e a cultura.<\/p>\n<p>Cantarte \u00e9 uma ponte musical que liga o Paraguai ao mundo, levando a riqueza da m\u00fasica paraguaia e latino-americana a todos os palcos que visita, trazendo consigo can\u00e7\u00f5es e experi\u00eancias enriquecedoras dos lugares por onde passa, que transmite ao povo e ao p\u00fablico do seu pa\u00eds.<\/p>\n<p>Esta digress\u00e3o de Cantarte em Espanha \u00e9 apoiada pelo Iberm\u00fasicas atrav\u00e9s das Ajudas ao Sector Musical para a Circula\u00e7\u00e3o, candidatura 2023.<\/p>\n<ul>\n<li>4 de julho 19h: Concerto \u00abArmon\u00eda sin Fronteras\u00bb, Centro Cultural Nicol\u00e1s Salmer\u00f3n, Madrid, Espanha<\/li>\n<li>7 de julho 20h: Concerto \u00abArmon\u00eda sin Fronteras\u00bb, Centro Cultural Virgen del Carmen, Torrevieja, Espanha<\/li>\n<li>10 de julho 21h: Apresenta\u00e7\u00e3o no 59\u00ba Festival Coral de Barcelona. Organizado pela FCEC, Igreja de Santa Maria del Pi, Barcelona, Espanha<\/li>\n<li>14 de julho 16h30: Teatro Don Bosco, Salesianos Rocafort, Barcelona, Espanha<\/li>\n<\/ul>\n","protected":false},"excerpt":{"rendered":"<p>Cantarte, o reconhecido grupo vocal a seis vozes da Am\u00e9rica Latina, continua o seu percurso de excel\u00eancia iniciado h\u00e1 mais de vinte anos. Desde o seu in\u00edcio, Cantarte cativou o p\u00fablico nos v\u00e1rios palcos em que actuou na Argentina, Brasil, Col\u00f4mbia, Venezuela, Finl\u00e2ndia, Su\u00e9cia e R\u00fassia com o seu repert\u00f3rio ecl\u00e9tico, que vai desde os [&hellip;]<\/p>\n","protected":false},"author":7,"featured_media":19214,"comment_status":"closed","ping_status":"closed","sticky":false,"template":"","format":"standard","meta":{"footnotes":""},"categories":[218],"tags":[],"class_list":["post-19216","post","type-post","status-publish","format-standard","has-post-thumbnail","hentry","category-noticias-generales-pt"],"lang":"pt","translations":{"pt":19216,"es":19213},"pll_sync_post":[],"post_mailing_queue_ids":[],"_links":{"self":[{"href":"http:\/\/staging.ibermusicas.org\/index.php\/wp-json\/wp\/v2\/posts\/19216","targetHints":{"allow":["GET"]}}],"collection":[{"href":"http:\/\/staging.ibermusicas.org\/index.php\/wp-json\/wp\/v2\/posts"}],"about":[{"href":"http:\/\/staging.ibermusicas.org\/index.php\/wp-json\/wp\/v2\/types\/post"}],"author":[{"embeddable":true,"href":"http:\/\/staging.ibermusicas.org\/index.php\/wp-json\/wp\/v2\/users\/7"}],"replies":[{"embeddable":true,"href":"http:\/\/staging.ibermusicas.org\/index.php\/wp-json\/wp\/v2\/comments?post=19216"}],"version-history":[{"count":1,"href":"http:\/\/staging.ibermusicas.org\/index.php\/wp-json\/wp\/v2\/posts\/19216\/revisions"}],"predecessor-version":[{"id":19217,"href":"http:\/\/staging.ibermusicas.org\/index.php\/wp-json\/wp\/v2\/posts\/19216\/revisions\/19217"}],"wp:featuredmedia":[{"embeddable":true,"href":"http:\/\/staging.ibermusicas.org\/index.php\/wp-json\/wp\/v2\/media\/19214"}],"wp:attachment":[{"href":"http:\/\/staging.ibermusicas.org\/index.php\/wp-json\/wp\/v2\/media?parent=19216"}],"wp:term":[{"taxonomy":"category","embeddable":true,"href":"http:\/\/staging.ibermusicas.org\/index.php\/wp-json\/wp\/v2\/categories?post=19216"},{"taxonomy":"post_tag","embeddable":true,"href":"http:\/\/staging.ibermusicas.org\/index.php\/wp-json\/wp\/v2\/tags?post=19216"}],"curies":[{"name":"wp","href":"https:\/\/api.w.org\/{rel}","templated":true}]}}