{"id":19218,"date":"2024-06-27T14:41:50","date_gmt":"2024-06-27T14:41:50","guid":{"rendered":"http:\/\/staging.ibermusicas.org\/?p=19218"},"modified":"2024-08-01T18:59:44","modified_gmt":"2024-08-01T18:59:44","slug":"la-compositora-argentina-carolina-carrizo-inicia-su-residencia-artistica-en-el-cmmas","status":"publish","type":"post","link":"http:\/\/staging.ibermusicas.org\/index.php\/la-compositora-argentina-carolina-carrizo-inicia-su-residencia-artistica-en-el-cmmas\/","title":{"rendered":"La compositora argentina Carolina Carrizo inicia su residencia art\u00edstica en el CMMAS"},"content":{"rendered":"<p>Carolina Carrizo inicia su residencia de creaci\u00f3n art\u00edstica para poder llevar adelante la composici\u00f3n de la pieza original \u201cSe curvan\u201d para un int\u00e9rprete, electr\u00f3nica con procesamiento en tiempo real y dispositivo lum\u00ednico interactivo, bajo la tutor\u00eda del docente Luciano Rodr\u00edguez Arredondo en el CMMAS &#8211; Centro Mexicano para la M\u00fasica y las Artes Sonoras &#8211; (Morelia, Michoac\u00e1n. M\u00e9xico).<\/p>\n<p>&nbsp;<\/p>\n<p>La residencia culminar\u00e1 con el montaje y filmaci\u00f3n de la pieza en el espacio provisto por el CMMAS y, luego, se llevar\u00e1 adelante una propuesta educativa en el Bachillerato de Bellas Artes UNLP, Argentina.<\/p>\n<p>&nbsp;<\/p>\n<p>Carolina Carrizo -compositora- 1986. La Plata, Buenos Aires. Argentina es Profesora y Licenciada en m\u00fasica orientaci\u00f3n composici\u00f3n formada en la Facultad de Artes \u2013 Universidad Nacional de La Plata. Ha recibido el reconocimiento de la Universidad Nacional de La Plata como Egresada Distinguida de la Licenciatura en m\u00fasica orientaci\u00f3n composici\u00f3n 2019.<\/p>\n<p>&nbsp;<\/p>\n<p>Se desempe\u00f1a activamente como compositora centr\u00e1ndose en producciones que involucran medios digitales tanto en relaci\u00f3n al sonido como al video. Actualmente es docente en la Facultad de Artes y en el Bachillerato de Bellas Artes dependiente de la Universidad Nacional de La Plata (Buenos Aires, Argentina).<\/p>\n<p>&nbsp;<\/p>\n<p>Ha recibido encargos y participa regularmente en diversos Festivales Nacionales e internacionales de m\u00fasica nueva. Sus obras se han interpretado en Argentina, Brasil, Uruguay, Paraguay, Chile, M\u00e9xico, EEUU, Espa\u00f1a, Alemania, Finlandia, Suecia, Dinamarca, Rusia, Israel e Ir\u00e1n.<\/p>\n<p>&nbsp;<\/p>\n<p>La propuesta de Carolina Carrizo fue ganadora de la l\u00ednea de ayudas de Iberm\u00fasicas para Residencias Art\u00edsticas, convocatoria 2023.<\/p>\n<p>&nbsp;<\/p>\n<p>&nbsp;<\/p>\n<ul>\n<li>Del 9 al 31 de julio en el CMMAS, Morelia, Michoac\u00e1n, M\u00e9xico<\/li>\n<\/ul>\n","protected":false},"excerpt":{"rendered":"<p>Carolina Carrizo inicia su residencia de creaci\u00f3n art\u00edstica para poder llevar adelante la composici\u00f3n de la pieza original \u201cSe curvan\u201d para un int\u00e9rprete, electr\u00f3nica con procesamiento en tiempo real y dispositivo lum\u00ednico interactivo, bajo la tutor\u00eda del docente Luciano Rodr\u00edguez Arredondo en el CMMAS &#8211; Centro Mexicano para la M\u00fasica y las Artes Sonoras &#8211; [&hellip;]<\/p>\n","protected":false},"author":7,"featured_media":19219,"comment_status":"closed","ping_status":"closed","sticky":false,"template":"","format":"standard","meta":{"footnotes":""},"categories":[53],"tags":[],"class_list":["post-19218","post","type-post","status-publish","format-standard","has-post-thumbnail","hentry","category-noticias-generales"],"lang":"es","translations":{"es":19218,"pt":19221},"pll_sync_post":[],"post_mailing_queue_ids":[],"_links":{"self":[{"href":"http:\/\/staging.ibermusicas.org\/index.php\/wp-json\/wp\/v2\/posts\/19218","targetHints":{"allow":["GET"]}}],"collection":[{"href":"http:\/\/staging.ibermusicas.org\/index.php\/wp-json\/wp\/v2\/posts"}],"about":[{"href":"http:\/\/staging.ibermusicas.org\/index.php\/wp-json\/wp\/v2\/types\/post"}],"author":[{"embeddable":true,"href":"http:\/\/staging.ibermusicas.org\/index.php\/wp-json\/wp\/v2\/users\/7"}],"replies":[{"embeddable":true,"href":"http:\/\/staging.ibermusicas.org\/index.php\/wp-json\/wp\/v2\/comments?post=19218"}],"version-history":[{"count":1,"href":"http:\/\/staging.ibermusicas.org\/index.php\/wp-json\/wp\/v2\/posts\/19218\/revisions"}],"predecessor-version":[{"id":19220,"href":"http:\/\/staging.ibermusicas.org\/index.php\/wp-json\/wp\/v2\/posts\/19218\/revisions\/19220"}],"wp:featuredmedia":[{"embeddable":true,"href":"http:\/\/staging.ibermusicas.org\/index.php\/wp-json\/wp\/v2\/media\/19219"}],"wp:attachment":[{"href":"http:\/\/staging.ibermusicas.org\/index.php\/wp-json\/wp\/v2\/media?parent=19218"}],"wp:term":[{"taxonomy":"category","embeddable":true,"href":"http:\/\/staging.ibermusicas.org\/index.php\/wp-json\/wp\/v2\/categories?post=19218"},{"taxonomy":"post_tag","embeddable":true,"href":"http:\/\/staging.ibermusicas.org\/index.php\/wp-json\/wp\/v2\/tags?post=19218"}],"curies":[{"name":"wp","href":"https:\/\/api.w.org\/{rel}","templated":true}]}}